
{"id":1392,"date":"2012-11-13T01:59:06","date_gmt":"2012-11-13T06:59:06","guid":{"rendered":"https:\/\/webc2k.control2000.com.mx\/blog\/?p=1392"},"modified":"2012-11-13T02:03:50","modified_gmt":"2012-11-13T07:03:50","slug":"no-se-vayan-a-confundir-por-la-unidad-de-medida","status":"publish","type":"post","link":"https:\/\/www.control2000.com.mx\/blog\/no-se-vayan-a-confundir-por-la-unidad-de-medida\/","title":{"rendered":"No se vayan a confundir por la unidad de medida"},"content":{"rendered":"<p>Recordar\u00e1n que hace varias semanas coment\u00e9 que el requisito de la unidad de medida sigue siendo obligatorio para los comprobantes fiscales, s\u00f3lo que ahora se puede anotar el dato de acuerdo a los usos mercantiles del contribuyente.<\/p>\n<p>Ahora en la cuarta resoluci\u00f3n miscel\u00e1nea se publica la Regla I.2.9.4  para establecer que los comprobantes fiscales simplificados (los que se dan al p\u00fablico en general), pero s\u00f3lo cuando se expidan en maquinas registradoras o sistemas electr\u00f3nicos, podr\u00e1n no contener la unidad de medida.<\/p>\n<p>De tal forma que si un contribuyente expide notas de venta, tendr\u00e1 que seguir anotando la descripci\u00f3n completa con la unidad de medida que se utilice conforme a los usos mercantiles. <\/p>\n<p>Y honestamente ya hasta me duele la cabeza con tanto cambio, ya que con este tipo de comprobantes simplificados, como no sirven para efectuar deducciones, no deber\u00eda haber tanto problema, pero hemos visto reglas que vienen, se derogan y juegan en cierta forma, con los requisitos del r\u00e9gimen fiscal y la unidad de medida, as\u00ed que espero que no se vuelva a cambiar, porque en una visita de expedici\u00f3n de comprobantes, esto puede causar un problema serio a los emisores, y la respectiva multa o quiz\u00e1s hasta una clausura en caso de reincidencia.<\/p>\n<p>Por lo tanto, si desean adoptar los requisitos oficiales contenidos en el C\u00f3digo Fiscal de la Federaci\u00f3n, a continuaci\u00f3n se los transcribo:<\/p>\n<p><strong>Art\u00edculo 29-C.<\/strong> Los contribuyentes que realicen operaciones con el p\u00fablico en general y los que se encuentren obligados por las leyes fiscales, deber\u00e1n expedir comprobantes fiscales simplificados en los t\u00e9rminos siguientes:<\/p>\n<p>I.          Cuando utilicen o est\u00e9n obligados a utilizar m\u00e1quinas registradoras de comprobaci\u00f3n fiscal o equipos o sistemas electr\u00f3nicos de registro fiscal, los comprobantes fiscales que emitan dichas m\u00e1quinas, equipos o sistemas, deber\u00e1n cumplir con los requisitos siguientes:<\/p>\n<p>            a) Los establecidos en el art\u00edculo 29-A, fracciones I y III de este C\u00f3digo.<\/p>\n<p>            b) El n\u00famero de folio.<\/p>\n<p>            c) El valor total de los actos o actividades realizados.<\/p>\n<p>            d) La cantidad, unidad de medida y clase de los bienes o mercanc\u00edas o descripci\u00f3n del servicio o del uso o goce que amparen.<\/p>\n<p>            e) El n\u00famero de registro de la m\u00e1quina, equipo o sistema y, en su caso, el logotipo fiscal.<\/p>\n<p>II.         Comprobantes fiscales impresos por medios propios, por medios electr\u00f3nicos o a trav\u00e9s de terceros, los cuales deber\u00e1n contener los requisitos siguientes:<\/p>\n<p>            a) Los establecidos en el art\u00edculo 29-A, fracciones I y III de este C\u00f3digo.<\/p>\n<p>            b) El n\u00famero de folio.<\/p>\n<p>            c) El valor total de los actos o actividades realizados, sin que se haga la separaci\u00f3n expresa entre el valor de la contraprestaci\u00f3n pactada y el monto de los impuestos que se trasladen. Cuando el comprobante fiscal simplificado sea expedido por alg\u00fan contribuyente obligado al pago de impuestos que se trasladen, dicho impuesto se incluir\u00e1 en el precio de los bienes, mercanc\u00edas o servicios que ampare el comprobante.<\/p>\n<p>            d) La cantidad, unidad de medida y clase de los bienes o mercanc\u00edas o descripci\u00f3n del servicio o del uso o goce que amparen.<\/p>\n<p>(&#8230;)<\/p>\n","protected":false},"excerpt":{"rendered":"<p>Recordar\u00e1n que hace varias semanas coment\u00e9 que el requisito de la unidad de medida sigue siendo obligatorio para los comprobantes fiscales, s\u00f3lo que ahora se puede anotar el dato de acuerdo a los usos mercantiles del contribuyente. [&#8230;]<a class=\"read-more read-more-c2k\" href=\"https:\/\/www.control2000.com.mx\/blog\/no-se-vayan-a-confundir-por-la-unidad-de-medida\/\">Continuar leyendo<\/a><\/p>\n","protected":false},"author":2,"featured_media":0,"comment_status":"open","ping_status":"closed","sticky":false,"template":"","format":"standard","meta":[],"categories":[171,67],"tags":[111,229,112,464],"yoast_head":"<!-- This site is optimized with the Yoast SEO plugin v19.1 - https:\/\/yoast.com\/wordpress\/plugins\/seo\/ -->\n<title>No se vayan a confundir por la unidad de medida - Blog 2000<\/title>\n<meta name=\"robots\" content=\"index, follow, max-snippet:-1, max-image-preview:large, max-video-preview:-1\" \/>\n<link rel=\"canonical\" href=\"https:\/\/www.control2000.com.mx\/blog\/no-se-vayan-a-confundir-por-la-unidad-de-medida\/\" \/>\n<meta property=\"og:locale\" content=\"es_ES\" \/>\n<meta property=\"og:type\" content=\"article\" \/>\n<meta property=\"og:title\" content=\"No se vayan a confundir por la unidad de medida - Blog 2000\" \/>\n<meta property=\"og:description\" content=\"Recordar\u00e1n que hace varias semanas coment\u00e9 que el requisito de la unidad de medida sigue siendo obligatorio para los comprobantes fiscales, s\u00f3lo que ahora se puede anotar el dato de acuerdo a los usos mercantiles del contribuyente. [...]Continuar leyendo\" \/>\n<meta property=\"og:url\" content=\"https:\/\/www.control2000.com.mx\/blog\/no-se-vayan-a-confundir-por-la-unidad-de-medida\/\" \/>\n<meta property=\"og:site_name\" content=\"Blog 2000\" \/>\n<meta property=\"article:published_time\" content=\"2012-11-13T06:59:06+00:00\" \/>\n<meta property=\"article:modified_time\" content=\"2012-11-13T07:03:50+00:00\" \/>\n<meta name=\"twitter:card\" content=\"summary_large_image\" \/>\n<meta name=\"twitter:label1\" content=\"Escrito por\" \/>\n\t<meta name=\"twitter:data1\" content=\"Pen\u00e9lope Castro\" \/>\n\t<meta name=\"twitter:label2\" content=\"Tiempo de lectura\" \/>\n\t<meta name=\"twitter:data2\" content=\"3 minutos\" \/>\n<script type=\"application\/ld+json\" class=\"yoast-schema-graph\">{\"@context\":\"https:\/\/schema.org\",\"@graph\":[{\"@type\":\"WebSite\",\"@id\":\"https:\/\/www.control2000.com.mx\/blog\/#website\",\"url\":\"https:\/\/www.control2000.com.mx\/blog\/\",\"name\":\"Blog 2000\",\"description\":\"Consejos, tips y noticias, especialmente creados para ti. Somos desarrolladores de soluciones de software administrativo, contable y fiscal para las peque\u00f1as, medianas y grandes empresas en proceso de crecimiento y estabilidad.\",\"potentialAction\":[{\"@type\":\"SearchAction\",\"target\":{\"@type\":\"EntryPoint\",\"urlTemplate\":\"https:\/\/www.control2000.com.mx\/blog\/?s={search_term_string}\"},\"query-input\":\"required name=search_term_string\"}],\"inLanguage\":\"es\"},{\"@type\":\"WebPage\",\"@id\":\"https:\/\/www.control2000.com.mx\/blog\/no-se-vayan-a-confundir-por-la-unidad-de-medida\/#webpage\",\"url\":\"https:\/\/www.control2000.com.mx\/blog\/no-se-vayan-a-confundir-por-la-unidad-de-medida\/\",\"name\":\"No se vayan a confundir por la unidad de medida - Blog 2000\",\"isPartOf\":{\"@id\":\"https:\/\/www.control2000.com.mx\/blog\/#website\"},\"datePublished\":\"2012-11-13T06:59:06+00:00\",\"dateModified\":\"2012-11-13T07:03:50+00:00\",\"author\":{\"@id\":\"https:\/\/www.control2000.com.mx\/blog\/#\/schema\/person\/48d0cea52d4d24e32f61ed8ed768b791\"},\"breadcrumb\":{\"@id\":\"https:\/\/www.control2000.com.mx\/blog\/no-se-vayan-a-confundir-por-la-unidad-de-medida\/#breadcrumb\"},\"inLanguage\":\"es\",\"potentialAction\":[{\"@type\":\"ReadAction\",\"target\":[\"https:\/\/www.control2000.com.mx\/blog\/no-se-vayan-a-confundir-por-la-unidad-de-medida\/\"]}]},{\"@type\":\"BreadcrumbList\",\"@id\":\"https:\/\/www.control2000.com.mx\/blog\/no-se-vayan-a-confundir-por-la-unidad-de-medida\/#breadcrumb\",\"itemListElement\":[{\"@type\":\"ListItem\",\"position\":1,\"name\":\"Portada\",\"item\":\"https:\/\/www.control2000.com.mx\/blog\/\"},{\"@type\":\"ListItem\",\"position\":2,\"name\":\"No se vayan a confundir por la unidad de medida\"}]},{\"@type\":\"Person\",\"@id\":\"https:\/\/www.control2000.com.mx\/blog\/#\/schema\/person\/48d0cea52d4d24e32f61ed8ed768b791\",\"name\":\"Pen\u00e9lope Castro\",\"sameAs\":[\"http:\/\/www.control2000.com.mx\"],\"url\":\"https:\/\/www.control2000.com.mx\/blog\/author\/penelope-castro\/\"}]}<\/script>\n<!-- \/ Yoast SEO plugin. -->","yoast_head_json":{"title":"No se vayan a confundir por la unidad de medida - Blog 2000","robots":{"index":"index","follow":"follow","max-snippet":"max-snippet:-1","max-image-preview":"max-image-preview:large","max-video-preview":"max-video-preview:-1"},"canonical":"https:\/\/www.control2000.com.mx\/blog\/no-se-vayan-a-confundir-por-la-unidad-de-medida\/","og_locale":"es_ES","og_type":"article","og_title":"No se vayan a confundir por la unidad de medida - Blog 2000","og_description":"Recordar\u00e1n que hace varias semanas coment\u00e9 que el requisito de la unidad de medida sigue siendo obligatorio para los comprobantes fiscales, s\u00f3lo que ahora se puede anotar el dato de acuerdo a los usos mercantiles del contribuyente. [...]Continuar leyendo","og_url":"https:\/\/www.control2000.com.mx\/blog\/no-se-vayan-a-confundir-por-la-unidad-de-medida\/","og_site_name":"Blog 2000","article_published_time":"2012-11-13T06:59:06+00:00","article_modified_time":"2012-11-13T07:03:50+00:00","twitter_card":"summary_large_image","twitter_misc":{"Escrito por":"Pen\u00e9lope Castro","Tiempo de lectura":"3 minutos"},"schema":{"@context":"https:\/\/schema.org","@graph":[{"@type":"WebSite","@id":"https:\/\/www.control2000.com.mx\/blog\/#website","url":"https:\/\/www.control2000.com.mx\/blog\/","name":"Blog 2000","description":"Consejos, tips y noticias, especialmente creados para ti. Somos desarrolladores de soluciones de software administrativo, contable y fiscal para las peque\u00f1as, medianas y grandes empresas en proceso de crecimiento y estabilidad.","potentialAction":[{"@type":"SearchAction","target":{"@type":"EntryPoint","urlTemplate":"https:\/\/www.control2000.com.mx\/blog\/?s={search_term_string}"},"query-input":"required name=search_term_string"}],"inLanguage":"es"},{"@type":"WebPage","@id":"https:\/\/www.control2000.com.mx\/blog\/no-se-vayan-a-confundir-por-la-unidad-de-medida\/#webpage","url":"https:\/\/www.control2000.com.mx\/blog\/no-se-vayan-a-confundir-por-la-unidad-de-medida\/","name":"No se vayan a confundir por la unidad de medida - Blog 2000","isPartOf":{"@id":"https:\/\/www.control2000.com.mx\/blog\/#website"},"datePublished":"2012-11-13T06:59:06+00:00","dateModified":"2012-11-13T07:03:50+00:00","author":{"@id":"https:\/\/www.control2000.com.mx\/blog\/#\/schema\/person\/48d0cea52d4d24e32f61ed8ed768b791"},"breadcrumb":{"@id":"https:\/\/www.control2000.com.mx\/blog\/no-se-vayan-a-confundir-por-la-unidad-de-medida\/#breadcrumb"},"inLanguage":"es","potentialAction":[{"@type":"ReadAction","target":["https:\/\/www.control2000.com.mx\/blog\/no-se-vayan-a-confundir-por-la-unidad-de-medida\/"]}]},{"@type":"BreadcrumbList","@id":"https:\/\/www.control2000.com.mx\/blog\/no-se-vayan-a-confundir-por-la-unidad-de-medida\/#breadcrumb","itemListElement":[{"@type":"ListItem","position":1,"name":"Portada","item":"https:\/\/www.control2000.com.mx\/blog\/"},{"@type":"ListItem","position":2,"name":"No se vayan a confundir por la unidad de medida"}]},{"@type":"Person","@id":"https:\/\/www.control2000.com.mx\/blog\/#\/schema\/person\/48d0cea52d4d24e32f61ed8ed768b791","name":"Pen\u00e9lope Castro","sameAs":["http:\/\/www.control2000.com.mx"],"url":"https:\/\/www.control2000.com.mx\/blog\/author\/penelope-castro\/"}]}},"fimg_url":false,"_links":{"self":[{"href":"https:\/\/www.control2000.com.mx\/blog\/wp-json\/wp\/v2\/posts\/1392"}],"collection":[{"href":"https:\/\/www.control2000.com.mx\/blog\/wp-json\/wp\/v2\/posts"}],"about":[{"href":"https:\/\/www.control2000.com.mx\/blog\/wp-json\/wp\/v2\/types\/post"}],"author":[{"embeddable":true,"href":"https:\/\/www.control2000.com.mx\/blog\/wp-json\/wp\/v2\/users\/2"}],"replies":[{"embeddable":true,"href":"https:\/\/www.control2000.com.mx\/blog\/wp-json\/wp\/v2\/comments?post=1392"}],"version-history":[{"count":6,"href":"https:\/\/www.control2000.com.mx\/blog\/wp-json\/wp\/v2\/posts\/1392\/revisions"}],"predecessor-version":[{"id":1398,"href":"https:\/\/www.control2000.com.mx\/blog\/wp-json\/wp\/v2\/posts\/1392\/revisions\/1398"}],"wp:attachment":[{"href":"https:\/\/www.control2000.com.mx\/blog\/wp-json\/wp\/v2\/media?parent=1392"}],"wp:term":[{"taxonomy":"category","embeddable":true,"href":"https:\/\/www.control2000.com.mx\/blog\/wp-json\/wp\/v2\/categories?post=1392"},{"taxonomy":"post_tag","embeddable":true,"href":"https:\/\/www.control2000.com.mx\/blog\/wp-json\/wp\/v2\/tags?post=1392"}],"curies":[{"name":"wp","href":"https:\/\/api.w.org\/{rel}","templated":true}]}}