
{"id":1550,"date":"2013-01-31T03:05:41","date_gmt":"2013-01-31T08:05:41","guid":{"rendered":"https:\/\/webc2k.control2000.com.mx\/blog\/?p=1550"},"modified":"2013-01-31T03:05:41","modified_gmt":"2013-01-31T08:05:41","slug":"importacion-definitiva-de-vehiculos-usados-por-otro-ano-mas","status":"publish","type":"post","link":"https:\/\/www.control2000.com.mx\/blog\/importacion-definitiva-de-vehiculos-usados-por-otro-ano-mas\/","title":{"rendered":"Importaci\u00f3n definitiva de veh\u00edculos usados por otro a\u00f1o m\u00e1s"},"content":{"rendered":"<p>El Tratado de Libre Comercio para Am\u00e9rica del Norte establece que a partir del 1o. de enero de 2009 y gradualmente hasta el a\u00f1o 2019, M\u00e9xico no podr\u00e1 adoptar o mantener prohibiciones o restricciones a la importaci\u00f3n de veh\u00edculos usados provenientes de Canad\u00e1 o de los Estados Unidos de Am\u00e9rica, en funci\u00f3n del a\u00f1o modelo de antig\u00fcedad de los veh\u00edculos;<\/p>\n<p>El 1o. de julio de 2011 se public\u00f3 en el Diario Oficial de la Federaci\u00f3n el \u00abDecreto por el que se regula la importaci\u00f3n definitiva de veh\u00edculos usados\u00bb, relativo al establecimiento de aranceles y documentaci\u00f3n necesaria para el ingreso de veh\u00edculos usados al territorio nacional, con la finalidad de dar continuidad a la implementaci\u00f3n de las medidas previstas en el Tratado de Libre Comercio para Am\u00e9rica del Norte;<\/p>\n<p>Toda vez que las condiciones que motivaron la emisi\u00f3n del Decreto a que se refiere el p\u00e1rrafo anterior a\u00fan se encuentran presentes y que tendr\u00e1 vigencia hasta el 31 de enero de 2013, resulta necesario prorrogar su vigencia a fin de contar con un marco regulatorio que otorgue seguridad jur\u00eddica a los importadores de veh\u00edculos automotores usados;<\/p>\n<p>La Suprema Corte de Justicia de la Naci\u00f3n se ha pronunciado respecto de la constitucionalidad de estas medidas, al establecer que no se transgreden los art\u00edculos 14 y 133 constitucionales; asimismo, en jurisprudencia definida y obligatoria ha resuelto que no procede otorgar la suspensi\u00f3n del Decreto cuya vigencia se prorroga, al considerar que de concederse se seguir\u00eda perjuicio al inter\u00e9s social y se contravendr\u00edan disposiciones de orden p\u00fablico, <\/p>\n<p>Por lo que el d\u00eda de hoy se publica un decreto para: <\/p>\n<p>ART\u00cdCULO \u00daNICO.- Se REFORMA el Transitorio Primero del Decreto por el que se regula la importaci\u00f3n definitiva de veh\u00edculos usados, publicado en el Diario Oficial de la Federaci\u00f3n el 1o. de julio de 2011, para quedar como sigue:<\/p>\n<p>\u00abPRIMERO.- El presente Decreto estar\u00e1 vigente hasta el 31 de enero de 2014.\u00bb<\/p>\n","protected":false},"excerpt":{"rendered":"<p>El Tratado de Libre Comercio para Am\u00e9rica del Norte establece que a partir del 1o. de enero de 2009 y gradualmente hasta el a\u00f1o 2019, M\u00e9xico no podr\u00e1 adoptar o mantener prohibiciones o restricciones a la importaci\u00f3n de veh\u00edculos usados provenientes de Canad\u00e1 o de los Estados Unidos de Am\u00e9rica, [&#8230;]<a class=\"read-more read-more-c2k\" href=\"https:\/\/www.control2000.com.mx\/blog\/importacion-definitiva-de-vehiculos-usados-por-otro-ano-mas\/\">Continuar leyendo<\/a><\/p>\n","protected":false},"author":2,"featured_media":0,"comment_status":"open","ping_status":"closed","sticky":false,"template":"","format":"standard","meta":[],"categories":[41],"tags":[33,63,61,54,575],"yoast_head":"<!-- This site is optimized with the Yoast SEO plugin v19.1 - https:\/\/yoast.com\/wordpress\/plugins\/seo\/ -->\n<title>Importaci\u00f3n definitiva de veh\u00edculos usados por otro a\u00f1o m\u00e1s - Blog 2000<\/title>\n<meta name=\"robots\" content=\"index, follow, max-snippet:-1, max-image-preview:large, max-video-preview:-1\" \/>\n<link rel=\"canonical\" href=\"https:\/\/www.control2000.com.mx\/blog\/importacion-definitiva-de-vehiculos-usados-por-otro-ano-mas\/\" \/>\n<meta property=\"og:locale\" content=\"es_ES\" \/>\n<meta property=\"og:type\" content=\"article\" \/>\n<meta property=\"og:title\" content=\"Importaci\u00f3n definitiva de veh\u00edculos usados por otro a\u00f1o m\u00e1s - Blog 2000\" \/>\n<meta property=\"og:description\" content=\"El Tratado de Libre Comercio para Am\u00e9rica del Norte establece que a partir del 1o. de enero de 2009 y gradualmente hasta el a\u00f1o 2019, M\u00e9xico no podr\u00e1 adoptar o mantener prohibiciones o restricciones a la importaci\u00f3n de veh\u00edculos usados provenientes de Canad\u00e1 o de los Estados Unidos de Am\u00e9rica, [...]Continuar leyendo\" \/>\n<meta property=\"og:url\" content=\"https:\/\/www.control2000.com.mx\/blog\/importacion-definitiva-de-vehiculos-usados-por-otro-ano-mas\/\" \/>\n<meta property=\"og:site_name\" content=\"Blog 2000\" \/>\n<meta property=\"article:published_time\" content=\"2013-01-31T08:05:41+00:00\" \/>\n<meta name=\"twitter:card\" content=\"summary_large_image\" \/>\n<meta name=\"twitter:label1\" content=\"Escrito por\" \/>\n\t<meta name=\"twitter:data1\" content=\"Pen\u00e9lope Castro\" \/>\n\t<meta name=\"twitter:label2\" content=\"Tiempo de lectura\" \/>\n\t<meta name=\"twitter:data2\" content=\"2 minutos\" \/>\n<script type=\"application\/ld+json\" class=\"yoast-schema-graph\">{\"@context\":\"https:\/\/schema.org\",\"@graph\":[{\"@type\":\"WebSite\",\"@id\":\"https:\/\/www.control2000.com.mx\/blog\/#website\",\"url\":\"https:\/\/www.control2000.com.mx\/blog\/\",\"name\":\"Blog 2000\",\"description\":\"Consejos, tips y noticias, especialmente creados para ti. Somos desarrolladores de soluciones de software administrativo, contable y fiscal para las peque\u00f1as, medianas y grandes empresas en proceso de crecimiento y estabilidad.\",\"potentialAction\":[{\"@type\":\"SearchAction\",\"target\":{\"@type\":\"EntryPoint\",\"urlTemplate\":\"https:\/\/www.control2000.com.mx\/blog\/?s={search_term_string}\"},\"query-input\":\"required name=search_term_string\"}],\"inLanguage\":\"es\"},{\"@type\":\"WebPage\",\"@id\":\"https:\/\/www.control2000.com.mx\/blog\/importacion-definitiva-de-vehiculos-usados-por-otro-ano-mas\/#webpage\",\"url\":\"https:\/\/www.control2000.com.mx\/blog\/importacion-definitiva-de-vehiculos-usados-por-otro-ano-mas\/\",\"name\":\"Importaci\u00f3n definitiva de veh\u00edculos usados por otro a\u00f1o m\u00e1s - Blog 2000\",\"isPartOf\":{\"@id\":\"https:\/\/www.control2000.com.mx\/blog\/#website\"},\"datePublished\":\"2013-01-31T08:05:41+00:00\",\"dateModified\":\"2013-01-31T08:05:41+00:00\",\"author\":{\"@id\":\"https:\/\/www.control2000.com.mx\/blog\/#\/schema\/person\/48d0cea52d4d24e32f61ed8ed768b791\"},\"breadcrumb\":{\"@id\":\"https:\/\/www.control2000.com.mx\/blog\/importacion-definitiva-de-vehiculos-usados-por-otro-ano-mas\/#breadcrumb\"},\"inLanguage\":\"es\",\"potentialAction\":[{\"@type\":\"ReadAction\",\"target\":[\"https:\/\/www.control2000.com.mx\/blog\/importacion-definitiva-de-vehiculos-usados-por-otro-ano-mas\/\"]}]},{\"@type\":\"BreadcrumbList\",\"@id\":\"https:\/\/www.control2000.com.mx\/blog\/importacion-definitiva-de-vehiculos-usados-por-otro-ano-mas\/#breadcrumb\",\"itemListElement\":[{\"@type\":\"ListItem\",\"position\":1,\"name\":\"Portada\",\"item\":\"https:\/\/www.control2000.com.mx\/blog\/\"},{\"@type\":\"ListItem\",\"position\":2,\"name\":\"Importaci\u00f3n definitiva de veh\u00edculos usados por otro a\u00f1o m\u00e1s\"}]},{\"@type\":\"Person\",\"@id\":\"https:\/\/www.control2000.com.mx\/blog\/#\/schema\/person\/48d0cea52d4d24e32f61ed8ed768b791\",\"name\":\"Pen\u00e9lope Castro\",\"sameAs\":[\"http:\/\/www.control2000.com.mx\"],\"url\":\"https:\/\/www.control2000.com.mx\/blog\/author\/penelope-castro\/\"}]}<\/script>\n<!-- \/ Yoast SEO plugin. -->","yoast_head_json":{"title":"Importaci\u00f3n definitiva de veh\u00edculos usados por otro a\u00f1o m\u00e1s - Blog 2000","robots":{"index":"index","follow":"follow","max-snippet":"max-snippet:-1","max-image-preview":"max-image-preview:large","max-video-preview":"max-video-preview:-1"},"canonical":"https:\/\/www.control2000.com.mx\/blog\/importacion-definitiva-de-vehiculos-usados-por-otro-ano-mas\/","og_locale":"es_ES","og_type":"article","og_title":"Importaci\u00f3n definitiva de veh\u00edculos usados por otro a\u00f1o m\u00e1s - Blog 2000","og_description":"El Tratado de Libre Comercio para Am\u00e9rica del Norte establece que a partir del 1o. de enero de 2009 y gradualmente hasta el a\u00f1o 2019, M\u00e9xico no podr\u00e1 adoptar o mantener prohibiciones o restricciones a la importaci\u00f3n de veh\u00edculos usados provenientes de Canad\u00e1 o de los Estados Unidos de Am\u00e9rica, [...]Continuar leyendo","og_url":"https:\/\/www.control2000.com.mx\/blog\/importacion-definitiva-de-vehiculos-usados-por-otro-ano-mas\/","og_site_name":"Blog 2000","article_published_time":"2013-01-31T08:05:41+00:00","twitter_card":"summary_large_image","twitter_misc":{"Escrito por":"Pen\u00e9lope Castro","Tiempo de lectura":"2 minutos"},"schema":{"@context":"https:\/\/schema.org","@graph":[{"@type":"WebSite","@id":"https:\/\/www.control2000.com.mx\/blog\/#website","url":"https:\/\/www.control2000.com.mx\/blog\/","name":"Blog 2000","description":"Consejos, tips y noticias, especialmente creados para ti. Somos desarrolladores de soluciones de software administrativo, contable y fiscal para las peque\u00f1as, medianas y grandes empresas en proceso de crecimiento y estabilidad.","potentialAction":[{"@type":"SearchAction","target":{"@type":"EntryPoint","urlTemplate":"https:\/\/www.control2000.com.mx\/blog\/?s={search_term_string}"},"query-input":"required name=search_term_string"}],"inLanguage":"es"},{"@type":"WebPage","@id":"https:\/\/www.control2000.com.mx\/blog\/importacion-definitiva-de-vehiculos-usados-por-otro-ano-mas\/#webpage","url":"https:\/\/www.control2000.com.mx\/blog\/importacion-definitiva-de-vehiculos-usados-por-otro-ano-mas\/","name":"Importaci\u00f3n definitiva de veh\u00edculos usados por otro a\u00f1o m\u00e1s - Blog 2000","isPartOf":{"@id":"https:\/\/www.control2000.com.mx\/blog\/#website"},"datePublished":"2013-01-31T08:05:41+00:00","dateModified":"2013-01-31T08:05:41+00:00","author":{"@id":"https:\/\/www.control2000.com.mx\/blog\/#\/schema\/person\/48d0cea52d4d24e32f61ed8ed768b791"},"breadcrumb":{"@id":"https:\/\/www.control2000.com.mx\/blog\/importacion-definitiva-de-vehiculos-usados-por-otro-ano-mas\/#breadcrumb"},"inLanguage":"es","potentialAction":[{"@type":"ReadAction","target":["https:\/\/www.control2000.com.mx\/blog\/importacion-definitiva-de-vehiculos-usados-por-otro-ano-mas\/"]}]},{"@type":"BreadcrumbList","@id":"https:\/\/www.control2000.com.mx\/blog\/importacion-definitiva-de-vehiculos-usados-por-otro-ano-mas\/#breadcrumb","itemListElement":[{"@type":"ListItem","position":1,"name":"Portada","item":"https:\/\/www.control2000.com.mx\/blog\/"},{"@type":"ListItem","position":2,"name":"Importaci\u00f3n definitiva de veh\u00edculos usados por otro a\u00f1o m\u00e1s"}]},{"@type":"Person","@id":"https:\/\/www.control2000.com.mx\/blog\/#\/schema\/person\/48d0cea52d4d24e32f61ed8ed768b791","name":"Pen\u00e9lope Castro","sameAs":["http:\/\/www.control2000.com.mx"],"url":"https:\/\/www.control2000.com.mx\/blog\/author\/penelope-castro\/"}]}},"fimg_url":false,"_links":{"self":[{"href":"https:\/\/www.control2000.com.mx\/blog\/wp-json\/wp\/v2\/posts\/1550"}],"collection":[{"href":"https:\/\/www.control2000.com.mx\/blog\/wp-json\/wp\/v2\/posts"}],"about":[{"href":"https:\/\/www.control2000.com.mx\/blog\/wp-json\/wp\/v2\/types\/post"}],"author":[{"embeddable":true,"href":"https:\/\/www.control2000.com.mx\/blog\/wp-json\/wp\/v2\/users\/2"}],"replies":[{"embeddable":true,"href":"https:\/\/www.control2000.com.mx\/blog\/wp-json\/wp\/v2\/comments?post=1550"}],"version-history":[{"count":1,"href":"https:\/\/www.control2000.com.mx\/blog\/wp-json\/wp\/v2\/posts\/1550\/revisions"}],"predecessor-version":[{"id":1551,"href":"https:\/\/www.control2000.com.mx\/blog\/wp-json\/wp\/v2\/posts\/1550\/revisions\/1551"}],"wp:attachment":[{"href":"https:\/\/www.control2000.com.mx\/blog\/wp-json\/wp\/v2\/media?parent=1550"}],"wp:term":[{"taxonomy":"category","embeddable":true,"href":"https:\/\/www.control2000.com.mx\/blog\/wp-json\/wp\/v2\/categories?post=1550"},{"taxonomy":"post_tag","embeddable":true,"href":"https:\/\/www.control2000.com.mx\/blog\/wp-json\/wp\/v2\/tags?post=1550"}],"curies":[{"name":"wp","href":"https:\/\/api.w.org\/{rel}","templated":true}]}}