
{"id":1866,"date":"2013-08-06T00:06:28","date_gmt":"2013-08-06T05:06:28","guid":{"rendered":"https:\/\/webc2k.control2000.com.mx\/blog\/?p=1866"},"modified":"2013-08-06T00:06:28","modified_gmt":"2013-08-06T05:06:28","slug":"si-no-declaras-tus-ingresos-y-perteneces-a-la-tasa-0-de-iva-olvidate-de-ella-porque-te-aplicaran-la-tasa-general","status":"publish","type":"post","link":"https:\/\/www.control2000.com.mx\/blog\/si-no-declaras-tus-ingresos-y-perteneces-a-la-tasa-0-de-iva-olvidate-de-ella-porque-te-aplicaran-la-tasa-general\/","title":{"rendered":"Si no declaras tus ingresos y perteneces a la tasa 0% de IVA olv\u00eddate de ella porque te aplicar\u00e1n la tasa general"},"content":{"rendered":"<p><strong>PRESUNCI\u00d3N ESTABLECIDA EN EL ART\u00cdCULO 59, FRACCI\u00d3N III, DEL C\u00d3DIGO FISCAL DE LA FEDERACI\u00d3N, FACULTA A LA AUTORIDAD A DETERMINAR EL IMPUESTO AL VALOR AGREGADO CONFORME A LA TASA GENERAL, SIN IMPORTAR SI LA ACTIVIDAD PREPONDERANTE DEL CONTRIBUYENTE SE ENCUENTRA GRAVADA A TASA 0%.- D<\/strong>el art\u00edculo 59, fracci\u00f3n III, del C\u00f3digo Fiscal de la Federaci\u00f3n, se advierte que la consecuencia final prevista por el legislador, para el caso de la actualizaci\u00f3n de la hip\u00f3tesis en \u00e9l contenida, es precisamente el pago de contribuciones derivadas de la presunci\u00f3n de ingresos y valor de actos y actividades; siendo en consecuencia procedente que la autoridad fiscal aplique la tasa del 15%, y no la del 0%, prevista en la Ley del Impuesto al Valor Agregado, pues solamente as\u00ed se dar\u00eda la consecuencia buscada por el legislador en dicho dispositivo, es decir, el pago de contribuciones; ello sin importar si la actividad del contribuyente se encuentra gravada a tasa del 0%, conforme a la ley en comento.<\/p>\n<p>Juicio Contencioso Administrativo N\u00fam. 3066\/10-07-02-7.- Resuelto por la Segunda Sala Regional de Occidente del Tribunal Federal de Justicia Fiscal y Administrativa, el 26 de noviembre de 2012, por unanimidad de votos.- Magistrado Instructor: Alfredo Ure\u00f1a Heredia.- Secretaria: Yazm\u00edn Rodr\u00edguez Aguilar.<\/p>\n","protected":false},"excerpt":{"rendered":"<p>PRESUNCI\u00d3N ESTABLECIDA EN EL ART\u00cdCULO 59, FRACCI\u00d3N III, DEL C\u00d3DIGO FISCAL DE LA FEDERACI\u00d3N, FACULTA A LA AUTORIDAD A DETERMINAR EL IMPUESTO AL VALOR AGREGADO CONFORME A LA TASA GENERAL, SIN IMPORTAR SI LA ACTIVIDAD PREPONDERANTE DEL CONTRIBUYENTE SE ENCUENTRA GRAVADA A TASA 0%.- Del art\u00edculo 59, [&#8230;]<a class=\"read-more read-more-c2k\" href=\"https:\/\/www.control2000.com.mx\/blog\/si-no-declaras-tus-ingresos-y-perteneces-a-la-tasa-0-de-iva-olvidate-de-ella-porque-te-aplicaran-la-tasa-general\/\">Continuar leyendo<\/a><\/p>\n","protected":false},"author":2,"featured_media":0,"comment_status":"open","ping_status":"closed","sticky":false,"template":"","format":"standard","meta":[],"categories":[128,85],"tags":[913,640],"yoast_head":"<!-- This site is optimized with the Yoast SEO plugin v19.1 - https:\/\/yoast.com\/wordpress\/plugins\/seo\/ -->\n<title>Si no declaras tus ingresos y perteneces a la tasa 0% de IVA olv\u00eddate de ella porque te aplicar\u00e1n la tasa general - Blog 2000<\/title>\n<meta name=\"robots\" content=\"index, follow, max-snippet:-1, max-image-preview:large, max-video-preview:-1\" \/>\n<link rel=\"canonical\" href=\"https:\/\/www.control2000.com.mx\/blog\/si-no-declaras-tus-ingresos-y-perteneces-a-la-tasa-0-de-iva-olvidate-de-ella-porque-te-aplicaran-la-tasa-general\/\" \/>\n<meta property=\"og:locale\" content=\"es_ES\" \/>\n<meta property=\"og:type\" content=\"article\" \/>\n<meta property=\"og:title\" content=\"Si no declaras tus ingresos y perteneces a la tasa 0% de IVA olv\u00eddate de ella porque te aplicar\u00e1n la tasa general - Blog 2000\" \/>\n<meta property=\"og:description\" content=\"PRESUNCI\u00d3N ESTABLECIDA EN EL ART\u00cdCULO 59, FRACCI\u00d3N III, DEL C\u00d3DIGO FISCAL DE LA FEDERACI\u00d3N, FACULTA A LA AUTORIDAD A DETERMINAR EL IMPUESTO AL VALOR AGREGADO CONFORME A LA TASA GENERAL, SIN IMPORTAR SI LA ACTIVIDAD PREPONDERANTE DEL CONTRIBUYENTE SE ENCUENTRA GRAVADA A TASA 0%.- Del art\u00edculo 59, [...]Continuar leyendo\" \/>\n<meta property=\"og:url\" content=\"https:\/\/www.control2000.com.mx\/blog\/si-no-declaras-tus-ingresos-y-perteneces-a-la-tasa-0-de-iva-olvidate-de-ella-porque-te-aplicaran-la-tasa-general\/\" \/>\n<meta property=\"og:site_name\" content=\"Blog 2000\" \/>\n<meta property=\"article:published_time\" content=\"2013-08-06T05:06:28+00:00\" \/>\n<meta name=\"twitter:card\" content=\"summary_large_image\" \/>\n<meta name=\"twitter:label1\" content=\"Escrito por\" \/>\n\t<meta name=\"twitter:data1\" content=\"Pen\u00e9lope Castro\" \/>\n\t<meta name=\"twitter:label2\" content=\"Tiempo de lectura\" \/>\n\t<meta name=\"twitter:data2\" content=\"1 minuto\" \/>\n<script type=\"application\/ld+json\" class=\"yoast-schema-graph\">{\"@context\":\"https:\/\/schema.org\",\"@graph\":[{\"@type\":\"WebSite\",\"@id\":\"https:\/\/www.control2000.com.mx\/blog\/#website\",\"url\":\"https:\/\/www.control2000.com.mx\/blog\/\",\"name\":\"Blog 2000\",\"description\":\"Consejos, tips y noticias, especialmente creados para ti. Somos desarrolladores de soluciones de software administrativo, contable y fiscal para las peque\u00f1as, medianas y grandes empresas en proceso de crecimiento y estabilidad.\",\"potentialAction\":[{\"@type\":\"SearchAction\",\"target\":{\"@type\":\"EntryPoint\",\"urlTemplate\":\"https:\/\/www.control2000.com.mx\/blog\/?s={search_term_string}\"},\"query-input\":\"required name=search_term_string\"}],\"inLanguage\":\"es\"},{\"@type\":\"WebPage\",\"@id\":\"https:\/\/www.control2000.com.mx\/blog\/si-no-declaras-tus-ingresos-y-perteneces-a-la-tasa-0-de-iva-olvidate-de-ella-porque-te-aplicaran-la-tasa-general\/#webpage\",\"url\":\"https:\/\/www.control2000.com.mx\/blog\/si-no-declaras-tus-ingresos-y-perteneces-a-la-tasa-0-de-iva-olvidate-de-ella-porque-te-aplicaran-la-tasa-general\/\",\"name\":\"Si no declaras tus ingresos y perteneces a la tasa 0% de IVA olv\u00eddate de ella porque te aplicar\u00e1n la tasa general - Blog 2000\",\"isPartOf\":{\"@id\":\"https:\/\/www.control2000.com.mx\/blog\/#website\"},\"datePublished\":\"2013-08-06T05:06:28+00:00\",\"dateModified\":\"2013-08-06T05:06:28+00:00\",\"author\":{\"@id\":\"https:\/\/www.control2000.com.mx\/blog\/#\/schema\/person\/48d0cea52d4d24e32f61ed8ed768b791\"},\"breadcrumb\":{\"@id\":\"https:\/\/www.control2000.com.mx\/blog\/si-no-declaras-tus-ingresos-y-perteneces-a-la-tasa-0-de-iva-olvidate-de-ella-porque-te-aplicaran-la-tasa-general\/#breadcrumb\"},\"inLanguage\":\"es\",\"potentialAction\":[{\"@type\":\"ReadAction\",\"target\":[\"https:\/\/www.control2000.com.mx\/blog\/si-no-declaras-tus-ingresos-y-perteneces-a-la-tasa-0-de-iva-olvidate-de-ella-porque-te-aplicaran-la-tasa-general\/\"]}]},{\"@type\":\"BreadcrumbList\",\"@id\":\"https:\/\/www.control2000.com.mx\/blog\/si-no-declaras-tus-ingresos-y-perteneces-a-la-tasa-0-de-iva-olvidate-de-ella-porque-te-aplicaran-la-tasa-general\/#breadcrumb\",\"itemListElement\":[{\"@type\":\"ListItem\",\"position\":1,\"name\":\"Portada\",\"item\":\"https:\/\/www.control2000.com.mx\/blog\/\"},{\"@type\":\"ListItem\",\"position\":2,\"name\":\"Si no declaras tus ingresos y perteneces a la tasa 0% de IVA olv\u00eddate de ella porque te aplicar\u00e1n la tasa general\"}]},{\"@type\":\"Person\",\"@id\":\"https:\/\/www.control2000.com.mx\/blog\/#\/schema\/person\/48d0cea52d4d24e32f61ed8ed768b791\",\"name\":\"Pen\u00e9lope Castro\",\"sameAs\":[\"http:\/\/www.control2000.com.mx\"],\"url\":\"https:\/\/www.control2000.com.mx\/blog\/author\/penelope-castro\/\"}]}<\/script>\n<!-- \/ Yoast SEO plugin. -->","yoast_head_json":{"title":"Si no declaras tus ingresos y perteneces a la tasa 0% de IVA olv\u00eddate de ella porque te aplicar\u00e1n la tasa general - Blog 2000","robots":{"index":"index","follow":"follow","max-snippet":"max-snippet:-1","max-image-preview":"max-image-preview:large","max-video-preview":"max-video-preview:-1"},"canonical":"https:\/\/www.control2000.com.mx\/blog\/si-no-declaras-tus-ingresos-y-perteneces-a-la-tasa-0-de-iva-olvidate-de-ella-porque-te-aplicaran-la-tasa-general\/","og_locale":"es_ES","og_type":"article","og_title":"Si no declaras tus ingresos y perteneces a la tasa 0% de IVA olv\u00eddate de ella porque te aplicar\u00e1n la tasa general - Blog 2000","og_description":"PRESUNCI\u00d3N ESTABLECIDA EN EL ART\u00cdCULO 59, FRACCI\u00d3N III, DEL C\u00d3DIGO FISCAL DE LA FEDERACI\u00d3N, FACULTA A LA AUTORIDAD A DETERMINAR EL IMPUESTO AL VALOR AGREGADO CONFORME A LA TASA GENERAL, SIN IMPORTAR SI LA ACTIVIDAD PREPONDERANTE DEL CONTRIBUYENTE SE ENCUENTRA GRAVADA A TASA 0%.- Del art\u00edculo 59, [...]Continuar leyendo","og_url":"https:\/\/www.control2000.com.mx\/blog\/si-no-declaras-tus-ingresos-y-perteneces-a-la-tasa-0-de-iva-olvidate-de-ella-porque-te-aplicaran-la-tasa-general\/","og_site_name":"Blog 2000","article_published_time":"2013-08-06T05:06:28+00:00","twitter_card":"summary_large_image","twitter_misc":{"Escrito por":"Pen\u00e9lope Castro","Tiempo de lectura":"1 minuto"},"schema":{"@context":"https:\/\/schema.org","@graph":[{"@type":"WebSite","@id":"https:\/\/www.control2000.com.mx\/blog\/#website","url":"https:\/\/www.control2000.com.mx\/blog\/","name":"Blog 2000","description":"Consejos, tips y noticias, especialmente creados para ti. Somos desarrolladores de soluciones de software administrativo, contable y fiscal para las peque\u00f1as, medianas y grandes empresas en proceso de crecimiento y estabilidad.","potentialAction":[{"@type":"SearchAction","target":{"@type":"EntryPoint","urlTemplate":"https:\/\/www.control2000.com.mx\/blog\/?s={search_term_string}"},"query-input":"required name=search_term_string"}],"inLanguage":"es"},{"@type":"WebPage","@id":"https:\/\/www.control2000.com.mx\/blog\/si-no-declaras-tus-ingresos-y-perteneces-a-la-tasa-0-de-iva-olvidate-de-ella-porque-te-aplicaran-la-tasa-general\/#webpage","url":"https:\/\/www.control2000.com.mx\/blog\/si-no-declaras-tus-ingresos-y-perteneces-a-la-tasa-0-de-iva-olvidate-de-ella-porque-te-aplicaran-la-tasa-general\/","name":"Si no declaras tus ingresos y perteneces a la tasa 0% de IVA olv\u00eddate de ella porque te aplicar\u00e1n la tasa general - Blog 2000","isPartOf":{"@id":"https:\/\/www.control2000.com.mx\/blog\/#website"},"datePublished":"2013-08-06T05:06:28+00:00","dateModified":"2013-08-06T05:06:28+00:00","author":{"@id":"https:\/\/www.control2000.com.mx\/blog\/#\/schema\/person\/48d0cea52d4d24e32f61ed8ed768b791"},"breadcrumb":{"@id":"https:\/\/www.control2000.com.mx\/blog\/si-no-declaras-tus-ingresos-y-perteneces-a-la-tasa-0-de-iva-olvidate-de-ella-porque-te-aplicaran-la-tasa-general\/#breadcrumb"},"inLanguage":"es","potentialAction":[{"@type":"ReadAction","target":["https:\/\/www.control2000.com.mx\/blog\/si-no-declaras-tus-ingresos-y-perteneces-a-la-tasa-0-de-iva-olvidate-de-ella-porque-te-aplicaran-la-tasa-general\/"]}]},{"@type":"BreadcrumbList","@id":"https:\/\/www.control2000.com.mx\/blog\/si-no-declaras-tus-ingresos-y-perteneces-a-la-tasa-0-de-iva-olvidate-de-ella-porque-te-aplicaran-la-tasa-general\/#breadcrumb","itemListElement":[{"@type":"ListItem","position":1,"name":"Portada","item":"https:\/\/www.control2000.com.mx\/blog\/"},{"@type":"ListItem","position":2,"name":"Si no declaras tus ingresos y perteneces a la tasa 0% de IVA olv\u00eddate de ella porque te aplicar\u00e1n la tasa general"}]},{"@type":"Person","@id":"https:\/\/www.control2000.com.mx\/blog\/#\/schema\/person\/48d0cea52d4d24e32f61ed8ed768b791","name":"Pen\u00e9lope Castro","sameAs":["http:\/\/www.control2000.com.mx"],"url":"https:\/\/www.control2000.com.mx\/blog\/author\/penelope-castro\/"}]}},"fimg_url":false,"_links":{"self":[{"href":"https:\/\/www.control2000.com.mx\/blog\/wp-json\/wp\/v2\/posts\/1866"}],"collection":[{"href":"https:\/\/www.control2000.com.mx\/blog\/wp-json\/wp\/v2\/posts"}],"about":[{"href":"https:\/\/www.control2000.com.mx\/blog\/wp-json\/wp\/v2\/types\/post"}],"author":[{"embeddable":true,"href":"https:\/\/www.control2000.com.mx\/blog\/wp-json\/wp\/v2\/users\/2"}],"replies":[{"embeddable":true,"href":"https:\/\/www.control2000.com.mx\/blog\/wp-json\/wp\/v2\/comments?post=1866"}],"version-history":[{"count":4,"href":"https:\/\/www.control2000.com.mx\/blog\/wp-json\/wp\/v2\/posts\/1866\/revisions"}],"predecessor-version":[{"id":1878,"href":"https:\/\/www.control2000.com.mx\/blog\/wp-json\/wp\/v2\/posts\/1866\/revisions\/1878"}],"wp:attachment":[{"href":"https:\/\/www.control2000.com.mx\/blog\/wp-json\/wp\/v2\/media?parent=1866"}],"wp:term":[{"taxonomy":"category","embeddable":true,"href":"https:\/\/www.control2000.com.mx\/blog\/wp-json\/wp\/v2\/categories?post=1866"},{"taxonomy":"post_tag","embeddable":true,"href":"https:\/\/www.control2000.com.mx\/blog\/wp-json\/wp\/v2\/tags?post=1866"}],"curies":[{"name":"wp","href":"https:\/\/api.w.org\/{rel}","templated":true}]}}