
{"id":2196,"date":"2014-03-10T01:36:08","date_gmt":"2014-03-10T06:36:08","guid":{"rendered":"https:\/\/webc2k.control2000.com.mx\/blog\/?p=2196"},"modified":"2014-03-10T01:36:08","modified_gmt":"2014-03-10T06:36:08","slug":"vigilancia-del-ifai-en-materia-de-proteccion-de-datos-personales","status":"publish","type":"post","link":"https:\/\/www.control2000.com.mx\/blog\/vigilancia-del-ifai-en-materia-de-proteccion-de-datos-personales\/","title":{"rendered":"Vigilancia del IFAI en materia de protecci\u00f3n de datos personales"},"content":{"rendered":"<p>La reforma constitucional en materia de protecci\u00f3n de datos personales y la posterior expedici\u00f3n de la Ley Federal de Protecci\u00f3n de Datos Personales en Posesi\u00f3n de los Particulares establecieron el mandato al Instituto Federal de Acceso a la Informaci\u00f3n y Protecci\u00f3n de Datos para garantizar de manera eficaz los derechos de acceso, rectificaci\u00f3n, cancelaci\u00f3n y oposici\u00f3n que ejerzan sus titulares, as\u00ed como para ejercer facultades de vigilancia y verificaci\u00f3n y tambi\u00e9n, en su caso, de imponer sanciones por violaciones o infracciones que cometan quienes tienen a su cargo la obligaci\u00f3n de protegerlos.<\/p>\n<p>Por tal motivo se public\u00f3 en el DOF un Acuerdo por el que se delegan al Secretario de Protecci\u00f3n de Datos Personales diversas facultades para dictar, conjuntamente con los Directores Generales que se indican, diversos acuerdos en los procedimientos de verificaci\u00f3n, protecci\u00f3n de derechos e imposici\u00f3n de sanciones.<\/p>\n<p><a href=\"http:\/\/www.dof.gob.mx\/nota_detalle.php?codigo=5334601&#038;fecha=04\/03\/2014\">Descarga el archivo aqu\u00ed<\/a><\/p>\n","protected":false},"excerpt":{"rendered":"<p>La reforma constitucional en materia de protecci\u00f3n de datos personales y la posterior expedici\u00f3n de la Ley Federal de Protecci\u00f3n de Datos Personales en Posesi\u00f3n de los Particulares establecieron el mandato al Instituto Federal de Acceso a la Informaci\u00f3n y Protecci\u00f3n de Datos para garantizar de manera eficaz los derechos de acceso, [&#8230;]<a class=\"read-more read-more-c2k\" href=\"https:\/\/www.control2000.com.mx\/blog\/vigilancia-del-ifai-en-materia-de-proteccion-de-datos-personales\/\">Continuar leyendo<\/a><\/p>\n","protected":false},"author":2,"featured_media":0,"comment_status":"open","ping_status":"closed","sticky":false,"template":"","format":"standard","meta":[],"categories":[41],"tags":[72,90],"yoast_head":"<!-- This site is optimized with the Yoast SEO plugin v19.1 - https:\/\/yoast.com\/wordpress\/plugins\/seo\/ -->\n<title>Vigilancia del IFAI en materia de protecci\u00f3n de datos personales - Blog 2000<\/title>\n<meta name=\"robots\" content=\"index, follow, max-snippet:-1, max-image-preview:large, max-video-preview:-1\" \/>\n<link rel=\"canonical\" href=\"https:\/\/www.control2000.com.mx\/blog\/vigilancia-del-ifai-en-materia-de-proteccion-de-datos-personales\/\" \/>\n<meta property=\"og:locale\" content=\"es_ES\" \/>\n<meta property=\"og:type\" content=\"article\" \/>\n<meta property=\"og:title\" content=\"Vigilancia del IFAI en materia de protecci\u00f3n de datos personales - Blog 2000\" \/>\n<meta property=\"og:description\" content=\"La reforma constitucional en materia de protecci\u00f3n de datos personales y la posterior expedici\u00f3n de la Ley Federal de Protecci\u00f3n de Datos Personales en Posesi\u00f3n de los Particulares establecieron el mandato al Instituto Federal de Acceso a la Informaci\u00f3n y Protecci\u00f3n de Datos para garantizar de manera eficaz los derechos de acceso, [...]Continuar leyendo\" \/>\n<meta property=\"og:url\" content=\"https:\/\/www.control2000.com.mx\/blog\/vigilancia-del-ifai-en-materia-de-proteccion-de-datos-personales\/\" \/>\n<meta property=\"og:site_name\" content=\"Blog 2000\" \/>\n<meta property=\"article:published_time\" content=\"2014-03-10T06:36:08+00:00\" \/>\n<meta name=\"twitter:card\" content=\"summary_large_image\" \/>\n<meta name=\"twitter:label1\" content=\"Escrito por\" \/>\n\t<meta name=\"twitter:data1\" content=\"Pen\u00e9lope Castro\" \/>\n\t<meta name=\"twitter:label2\" content=\"Tiempo de lectura\" \/>\n\t<meta name=\"twitter:data2\" content=\"1 minuto\" \/>\n<script type=\"application\/ld+json\" class=\"yoast-schema-graph\">{\"@context\":\"https:\/\/schema.org\",\"@graph\":[{\"@type\":\"WebSite\",\"@id\":\"https:\/\/www.control2000.com.mx\/blog\/#website\",\"url\":\"https:\/\/www.control2000.com.mx\/blog\/\",\"name\":\"Blog 2000\",\"description\":\"Consejos, tips y noticias, especialmente creados para ti. Somos desarrolladores de soluciones de software administrativo, contable y fiscal para las peque\u00f1as, medianas y grandes empresas en proceso de crecimiento y estabilidad.\",\"potentialAction\":[{\"@type\":\"SearchAction\",\"target\":{\"@type\":\"EntryPoint\",\"urlTemplate\":\"https:\/\/www.control2000.com.mx\/blog\/?s={search_term_string}\"},\"query-input\":\"required name=search_term_string\"}],\"inLanguage\":\"es\"},{\"@type\":\"WebPage\",\"@id\":\"https:\/\/www.control2000.com.mx\/blog\/vigilancia-del-ifai-en-materia-de-proteccion-de-datos-personales\/#webpage\",\"url\":\"https:\/\/www.control2000.com.mx\/blog\/vigilancia-del-ifai-en-materia-de-proteccion-de-datos-personales\/\",\"name\":\"Vigilancia del IFAI en materia de protecci\u00f3n de datos personales - Blog 2000\",\"isPartOf\":{\"@id\":\"https:\/\/www.control2000.com.mx\/blog\/#website\"},\"datePublished\":\"2014-03-10T06:36:08+00:00\",\"dateModified\":\"2014-03-10T06:36:08+00:00\",\"author\":{\"@id\":\"https:\/\/www.control2000.com.mx\/blog\/#\/schema\/person\/48d0cea52d4d24e32f61ed8ed768b791\"},\"breadcrumb\":{\"@id\":\"https:\/\/www.control2000.com.mx\/blog\/vigilancia-del-ifai-en-materia-de-proteccion-de-datos-personales\/#breadcrumb\"},\"inLanguage\":\"es\",\"potentialAction\":[{\"@type\":\"ReadAction\",\"target\":[\"https:\/\/www.control2000.com.mx\/blog\/vigilancia-del-ifai-en-materia-de-proteccion-de-datos-personales\/\"]}]},{\"@type\":\"BreadcrumbList\",\"@id\":\"https:\/\/www.control2000.com.mx\/blog\/vigilancia-del-ifai-en-materia-de-proteccion-de-datos-personales\/#breadcrumb\",\"itemListElement\":[{\"@type\":\"ListItem\",\"position\":1,\"name\":\"Portada\",\"item\":\"https:\/\/www.control2000.com.mx\/blog\/\"},{\"@type\":\"ListItem\",\"position\":2,\"name\":\"Vigilancia del IFAI en materia de protecci\u00f3n de datos personales\"}]},{\"@type\":\"Person\",\"@id\":\"https:\/\/www.control2000.com.mx\/blog\/#\/schema\/person\/48d0cea52d4d24e32f61ed8ed768b791\",\"name\":\"Pen\u00e9lope Castro\",\"sameAs\":[\"http:\/\/www.control2000.com.mx\"],\"url\":\"https:\/\/www.control2000.com.mx\/blog\/author\/penelope-castro\/\"}]}<\/script>\n<!-- \/ Yoast SEO plugin. -->","yoast_head_json":{"title":"Vigilancia del IFAI en materia de protecci\u00f3n de datos personales - Blog 2000","robots":{"index":"index","follow":"follow","max-snippet":"max-snippet:-1","max-image-preview":"max-image-preview:large","max-video-preview":"max-video-preview:-1"},"canonical":"https:\/\/www.control2000.com.mx\/blog\/vigilancia-del-ifai-en-materia-de-proteccion-de-datos-personales\/","og_locale":"es_ES","og_type":"article","og_title":"Vigilancia del IFAI en materia de protecci\u00f3n de datos personales - Blog 2000","og_description":"La reforma constitucional en materia de protecci\u00f3n de datos personales y la posterior expedici\u00f3n de la Ley Federal de Protecci\u00f3n de Datos Personales en Posesi\u00f3n de los Particulares establecieron el mandato al Instituto Federal de Acceso a la Informaci\u00f3n y Protecci\u00f3n de Datos para garantizar de manera eficaz los derechos de acceso, [...]Continuar leyendo","og_url":"https:\/\/www.control2000.com.mx\/blog\/vigilancia-del-ifai-en-materia-de-proteccion-de-datos-personales\/","og_site_name":"Blog 2000","article_published_time":"2014-03-10T06:36:08+00:00","twitter_card":"summary_large_image","twitter_misc":{"Escrito por":"Pen\u00e9lope Castro","Tiempo de lectura":"1 minuto"},"schema":{"@context":"https:\/\/schema.org","@graph":[{"@type":"WebSite","@id":"https:\/\/www.control2000.com.mx\/blog\/#website","url":"https:\/\/www.control2000.com.mx\/blog\/","name":"Blog 2000","description":"Consejos, tips y noticias, especialmente creados para ti. Somos desarrolladores de soluciones de software administrativo, contable y fiscal para las peque\u00f1as, medianas y grandes empresas en proceso de crecimiento y estabilidad.","potentialAction":[{"@type":"SearchAction","target":{"@type":"EntryPoint","urlTemplate":"https:\/\/www.control2000.com.mx\/blog\/?s={search_term_string}"},"query-input":"required name=search_term_string"}],"inLanguage":"es"},{"@type":"WebPage","@id":"https:\/\/www.control2000.com.mx\/blog\/vigilancia-del-ifai-en-materia-de-proteccion-de-datos-personales\/#webpage","url":"https:\/\/www.control2000.com.mx\/blog\/vigilancia-del-ifai-en-materia-de-proteccion-de-datos-personales\/","name":"Vigilancia del IFAI en materia de protecci\u00f3n de datos personales - Blog 2000","isPartOf":{"@id":"https:\/\/www.control2000.com.mx\/blog\/#website"},"datePublished":"2014-03-10T06:36:08+00:00","dateModified":"2014-03-10T06:36:08+00:00","author":{"@id":"https:\/\/www.control2000.com.mx\/blog\/#\/schema\/person\/48d0cea52d4d24e32f61ed8ed768b791"},"breadcrumb":{"@id":"https:\/\/www.control2000.com.mx\/blog\/vigilancia-del-ifai-en-materia-de-proteccion-de-datos-personales\/#breadcrumb"},"inLanguage":"es","potentialAction":[{"@type":"ReadAction","target":["https:\/\/www.control2000.com.mx\/blog\/vigilancia-del-ifai-en-materia-de-proteccion-de-datos-personales\/"]}]},{"@type":"BreadcrumbList","@id":"https:\/\/www.control2000.com.mx\/blog\/vigilancia-del-ifai-en-materia-de-proteccion-de-datos-personales\/#breadcrumb","itemListElement":[{"@type":"ListItem","position":1,"name":"Portada","item":"https:\/\/www.control2000.com.mx\/blog\/"},{"@type":"ListItem","position":2,"name":"Vigilancia del IFAI en materia de protecci\u00f3n de datos personales"}]},{"@type":"Person","@id":"https:\/\/www.control2000.com.mx\/blog\/#\/schema\/person\/48d0cea52d4d24e32f61ed8ed768b791","name":"Pen\u00e9lope Castro","sameAs":["http:\/\/www.control2000.com.mx"],"url":"https:\/\/www.control2000.com.mx\/blog\/author\/penelope-castro\/"}]}},"fimg_url":false,"_links":{"self":[{"href":"https:\/\/www.control2000.com.mx\/blog\/wp-json\/wp\/v2\/posts\/2196"}],"collection":[{"href":"https:\/\/www.control2000.com.mx\/blog\/wp-json\/wp\/v2\/posts"}],"about":[{"href":"https:\/\/www.control2000.com.mx\/blog\/wp-json\/wp\/v2\/types\/post"}],"author":[{"embeddable":true,"href":"https:\/\/www.control2000.com.mx\/blog\/wp-json\/wp\/v2\/users\/2"}],"replies":[{"embeddable":true,"href":"https:\/\/www.control2000.com.mx\/blog\/wp-json\/wp\/v2\/comments?post=2196"}],"version-history":[{"count":1,"href":"https:\/\/www.control2000.com.mx\/blog\/wp-json\/wp\/v2\/posts\/2196\/revisions"}],"predecessor-version":[{"id":2197,"href":"https:\/\/www.control2000.com.mx\/blog\/wp-json\/wp\/v2\/posts\/2196\/revisions\/2197"}],"wp:attachment":[{"href":"https:\/\/www.control2000.com.mx\/blog\/wp-json\/wp\/v2\/media?parent=2196"}],"wp:term":[{"taxonomy":"category","embeddable":true,"href":"https:\/\/www.control2000.com.mx\/blog\/wp-json\/wp\/v2\/categories?post=2196"},{"taxonomy":"post_tag","embeddable":true,"href":"https:\/\/www.control2000.com.mx\/blog\/wp-json\/wp\/v2\/tags?post=2196"}],"curies":[{"name":"wp","href":"https:\/\/api.w.org\/{rel}","templated":true}]}}