
{"id":3297,"date":"2016-12-06T00:28:05","date_gmt":"2016-12-06T05:28:05","guid":{"rendered":"https:\/\/webc2k.control2000.com.mx\/blog\/?p=3297"},"modified":"2016-12-06T00:28:05","modified_gmt":"2016-12-06T05:28:05","slug":"hablando-de-salario-minimo","status":"publish","type":"post","link":"https:\/\/www.control2000.com.mx\/blog\/hablando-de-salario-minimo\/","title":{"rendered":"Hablando de salario m\u00ednimo"},"content":{"rendered":"<p><strong>RENTA. LA CUOTA DE SEGURIDAD SOCIAL DE LOS TRABAJADORES QUE PERCIBEN EL SALARIO M\u00cdNIMO PAGADA POR LOS PATRONES, CONSTITUYE UN GASTO DEDUCIBLE.<\/strong> El art\u00edculo 36 de la Ley del Seguro Social indica que corresponde al patr\u00f3n pagar \u00edntegramente la cuota se\u00f1alada para los trabajadores, en los casos en que \u00e9stos perciban como cuota diaria el salario m\u00ednimo. As\u00ed, con fundamento en el art\u00edculo 25, fracci\u00f3n VI, de la Ley del Impuesto sobre la Renta vigente a partir del 1 de enero de 2014, cuando el trabajador perciba como cuota diaria el salario m\u00ednimo y, por tanto, corresponda al patr\u00f3n pagar \u00edntegramente la cuota, se actualiza el supuesto de deducibilidad contemplado en el art\u00edculo \u00faltimamente referido, pues el pago que se realiza no constituye una sustituci\u00f3n en la obligaci\u00f3n primigenia de pago, sino que por disposici\u00f3n de la propia Ley del Seguro Social la cuota se constituye a cargo del patr\u00f3n y, por ende, resulta deducible.<br \/>\nSEGUNDA SALA<br \/>\nAmparo en revisi\u00f3n 1012\/2014. Akal\u00e1n, S.A. de C.V. 21 de septiembre de 2016. Cinco votos de los Ministros Eduardo Medina Mora I., Javier Laynez Potisek, Jos\u00e9 Fernando Franco Gonz\u00e1lez Salas y Alberto P\u00e9rez Day\u00e1n; Jos\u00e9 Fernando Franco Gonz\u00e1lez Salas vot\u00f3 con reservas. Ponente: Eduardo Medina Mora I. Secretarios: Juvenal Carbajal D\u00edaz y Juan Jaime Gonz\u00e1lez Varas.<br \/>\nAmparo en revisi\u00f3n 684\/2014. Servicio Industrial Um\u00e1n, S.A. de C.V. 26 de octubre de 2016. Cinco votos de los Ministros Eduardo Medina Mora I., Javier Laynez Potisek, Jos\u00e9 Fernando Franco Gonz\u00e1lez Salas y Alberto P\u00e9rez Day\u00e1n; Jos\u00e9 Fernando Franco Gonz\u00e1lez Salas vot\u00f3 con reservas. Ponente: Eduardo Medina Mora I. Secretarios: Juvenal Carbajal D\u00edaz y Juan Jaime Gonz\u00e1lez Varas.<br \/>\nAmparo en revisi\u00f3n 766\/2014. Fernando Jos\u00e9 Marrufo G\u00f3mez, S.A. de C.V. 26 de octubre de 2016. Cinco votos de los Ministros Eduardo Medina Mora I., Javier Laynez Potisek, Jos\u00e9 Fernando Franco Gonz\u00e1lez Salas y Alberto P\u00e9rez Day\u00e1n; Jos\u00e9 Fernando Franco Gonz\u00e1lez Salas vot\u00f3 con reservas. Ponente: Eduardo Medina Mora I. Secretarios: Juvenal Carbajal D\u00edaz y Juan Jaime Gonz\u00e1lez Varas. Amparo en revisi\u00f3n 925\/2014. Combustibles y Lubricantes La Florida, S.A. de C.V. 26 de octubre de 2016. Cinco votos de los Ministros Eduardo Medina Mora I., Javier Laynez Potisek, Jos\u00e9 Fernando Franco Gonz\u00e1lez Salas y Alberto P\u00e9rez Day\u00e1n; Jos\u00e9 Fernando Franco Gonz\u00e1lez Salas vot\u00f3 con reservas. Ponente: Eduardo Medina Mora I. Secretarios: Juvenal Carbajal D\u00edaz y Juan Jaime Gonz\u00e1lez Varas.<br \/>\nAmparo en revisi\u00f3n 112\/2015. Marbol Industria Mueblera, S.A. de C.V. 26 de octubre de 2016. Cinco votos de los Ministros Eduardo Medina Mora I., Javier Laynez Potisek, Jos\u00e9 Fernando Franco Gonz\u00e1lez Salas y Alberto P\u00e9rez Day\u00e1n; Jos\u00e9 Fernando Franco Gonz\u00e1lez Salas vot\u00f3 con reservas. Ponente: Eduardo Medina Mora I. Secretarios: Juvenal Carbajal D\u00edaz y Juan Jaime Gonz\u00e1lez Varas.<br \/>\nTesis de jurisprudencia 187\/2016 (10a.). Aprobada por la Segunda Sala de este Alto Tribunal, en sesi\u00f3n privada del nueve de noviembre de dos mil diecis\u00e9is.<br \/>\nEjecutorias<br \/>\nAmparo en revisi\u00f3n 1012\/2014.<br \/>\nEsta tesis se public\u00f3 el viernes 02 de diciembre de 2016 a las 10:14 horas en el Semanario Judicial de la Federaci\u00f3n y, por ende, se considera de aplicaci\u00f3n obligatoria a partir del lunes 05 de diciembre de 2016, para los efectos previstos en el punto s\u00e9ptimo del Acuerdo General Plenario 19\/2013.<\/p>\n","protected":false},"excerpt":{"rendered":"<p>RENTA. LA CUOTA DE SEGURIDAD SOCIAL DE LOS TRABAJADORES QUE PERCIBEN EL SALARIO M\u00cdNIMO PAGADA POR LOS PATRONES, CONSTITUYE UN GASTO DEDUCIBLE. El art\u00edculo 36 de la Ley del Seguro Social indica que corresponde al patr\u00f3n pagar \u00edntegramente la cuota se\u00f1alada para los trabajadores, [&#8230;]<a class=\"read-more read-more-c2k\" href=\"https:\/\/www.control2000.com.mx\/blog\/hablando-de-salario-minimo\/\">Continuar leyendo<\/a><\/p>\n","protected":false},"author":2,"featured_media":0,"comment_status":"open","ping_status":"closed","sticky":false,"template":"","format":"standard","meta":[],"categories":[51,89,105,85],"tags":[840,299,32],"yoast_head":"<!-- This site is optimized with the Yoast SEO plugin v19.1 - https:\/\/yoast.com\/wordpress\/plugins\/seo\/ -->\n<title>Hablando de salario m\u00ednimo - Blog 2000<\/title>\n<meta name=\"robots\" content=\"index, follow, max-snippet:-1, max-image-preview:large, max-video-preview:-1\" \/>\n<link rel=\"canonical\" href=\"https:\/\/www.control2000.com.mx\/blog\/hablando-de-salario-minimo\/\" \/>\n<meta property=\"og:locale\" content=\"es_ES\" \/>\n<meta property=\"og:type\" content=\"article\" \/>\n<meta property=\"og:title\" content=\"Hablando de salario m\u00ednimo - Blog 2000\" \/>\n<meta property=\"og:description\" content=\"RENTA. LA CUOTA DE SEGURIDAD SOCIAL DE LOS TRABAJADORES QUE PERCIBEN EL SALARIO M\u00cdNIMO PAGADA POR LOS PATRONES, CONSTITUYE UN GASTO DEDUCIBLE. El art\u00edculo 36 de la Ley del Seguro Social indica que corresponde al patr\u00f3n pagar \u00edntegramente la cuota se\u00f1alada para los trabajadores, [...]Continuar leyendo\" \/>\n<meta property=\"og:url\" content=\"https:\/\/www.control2000.com.mx\/blog\/hablando-de-salario-minimo\/\" \/>\n<meta property=\"og:site_name\" content=\"Blog 2000\" \/>\n<meta property=\"article:published_time\" content=\"2016-12-06T05:28:05+00:00\" \/>\n<meta name=\"twitter:card\" content=\"summary_large_image\" \/>\n<meta name=\"twitter:label1\" content=\"Escrito por\" \/>\n\t<meta name=\"twitter:data1\" content=\"Pen\u00e9lope Castro\" \/>\n\t<meta name=\"twitter:label2\" content=\"Tiempo de lectura\" \/>\n\t<meta name=\"twitter:data2\" content=\"3 minutos\" \/>\n<script type=\"application\/ld+json\" class=\"yoast-schema-graph\">{\"@context\":\"https:\/\/schema.org\",\"@graph\":[{\"@type\":\"WebSite\",\"@id\":\"https:\/\/www.control2000.com.mx\/blog\/#website\",\"url\":\"https:\/\/www.control2000.com.mx\/blog\/\",\"name\":\"Blog 2000\",\"description\":\"Consejos, tips y noticias, especialmente creados para ti. Somos desarrolladores de soluciones de software administrativo, contable y fiscal para las peque\u00f1as, medianas y grandes empresas en proceso de crecimiento y estabilidad.\",\"potentialAction\":[{\"@type\":\"SearchAction\",\"target\":{\"@type\":\"EntryPoint\",\"urlTemplate\":\"https:\/\/www.control2000.com.mx\/blog\/?s={search_term_string}\"},\"query-input\":\"required name=search_term_string\"}],\"inLanguage\":\"es\"},{\"@type\":\"WebPage\",\"@id\":\"https:\/\/www.control2000.com.mx\/blog\/hablando-de-salario-minimo\/#webpage\",\"url\":\"https:\/\/www.control2000.com.mx\/blog\/hablando-de-salario-minimo\/\",\"name\":\"Hablando de salario m\u00ednimo - Blog 2000\",\"isPartOf\":{\"@id\":\"https:\/\/www.control2000.com.mx\/blog\/#website\"},\"datePublished\":\"2016-12-06T05:28:05+00:00\",\"dateModified\":\"2016-12-06T05:28:05+00:00\",\"author\":{\"@id\":\"https:\/\/www.control2000.com.mx\/blog\/#\/schema\/person\/48d0cea52d4d24e32f61ed8ed768b791\"},\"breadcrumb\":{\"@id\":\"https:\/\/www.control2000.com.mx\/blog\/hablando-de-salario-minimo\/#breadcrumb\"},\"inLanguage\":\"es\",\"potentialAction\":[{\"@type\":\"ReadAction\",\"target\":[\"https:\/\/www.control2000.com.mx\/blog\/hablando-de-salario-minimo\/\"]}]},{\"@type\":\"BreadcrumbList\",\"@id\":\"https:\/\/www.control2000.com.mx\/blog\/hablando-de-salario-minimo\/#breadcrumb\",\"itemListElement\":[{\"@type\":\"ListItem\",\"position\":1,\"name\":\"Portada\",\"item\":\"https:\/\/www.control2000.com.mx\/blog\/\"},{\"@type\":\"ListItem\",\"position\":2,\"name\":\"Hablando de salario m\u00ednimo\"}]},{\"@type\":\"Person\",\"@id\":\"https:\/\/www.control2000.com.mx\/blog\/#\/schema\/person\/48d0cea52d4d24e32f61ed8ed768b791\",\"name\":\"Pen\u00e9lope Castro\",\"sameAs\":[\"http:\/\/www.control2000.com.mx\"],\"url\":\"https:\/\/www.control2000.com.mx\/blog\/author\/penelope-castro\/\"}]}<\/script>\n<!-- \/ Yoast SEO plugin. -->","yoast_head_json":{"title":"Hablando de salario m\u00ednimo - Blog 2000","robots":{"index":"index","follow":"follow","max-snippet":"max-snippet:-1","max-image-preview":"max-image-preview:large","max-video-preview":"max-video-preview:-1"},"canonical":"https:\/\/www.control2000.com.mx\/blog\/hablando-de-salario-minimo\/","og_locale":"es_ES","og_type":"article","og_title":"Hablando de salario m\u00ednimo - Blog 2000","og_description":"RENTA. LA CUOTA DE SEGURIDAD SOCIAL DE LOS TRABAJADORES QUE PERCIBEN EL SALARIO M\u00cdNIMO PAGADA POR LOS PATRONES, CONSTITUYE UN GASTO DEDUCIBLE. El art\u00edculo 36 de la Ley del Seguro Social indica que corresponde al patr\u00f3n pagar \u00edntegramente la cuota se\u00f1alada para los trabajadores, [...]Continuar leyendo","og_url":"https:\/\/www.control2000.com.mx\/blog\/hablando-de-salario-minimo\/","og_site_name":"Blog 2000","article_published_time":"2016-12-06T05:28:05+00:00","twitter_card":"summary_large_image","twitter_misc":{"Escrito por":"Pen\u00e9lope Castro","Tiempo de lectura":"3 minutos"},"schema":{"@context":"https:\/\/schema.org","@graph":[{"@type":"WebSite","@id":"https:\/\/www.control2000.com.mx\/blog\/#website","url":"https:\/\/www.control2000.com.mx\/blog\/","name":"Blog 2000","description":"Consejos, tips y noticias, especialmente creados para ti. Somos desarrolladores de soluciones de software administrativo, contable y fiscal para las peque\u00f1as, medianas y grandes empresas en proceso de crecimiento y estabilidad.","potentialAction":[{"@type":"SearchAction","target":{"@type":"EntryPoint","urlTemplate":"https:\/\/www.control2000.com.mx\/blog\/?s={search_term_string}"},"query-input":"required name=search_term_string"}],"inLanguage":"es"},{"@type":"WebPage","@id":"https:\/\/www.control2000.com.mx\/blog\/hablando-de-salario-minimo\/#webpage","url":"https:\/\/www.control2000.com.mx\/blog\/hablando-de-salario-minimo\/","name":"Hablando de salario m\u00ednimo - Blog 2000","isPartOf":{"@id":"https:\/\/www.control2000.com.mx\/blog\/#website"},"datePublished":"2016-12-06T05:28:05+00:00","dateModified":"2016-12-06T05:28:05+00:00","author":{"@id":"https:\/\/www.control2000.com.mx\/blog\/#\/schema\/person\/48d0cea52d4d24e32f61ed8ed768b791"},"breadcrumb":{"@id":"https:\/\/www.control2000.com.mx\/blog\/hablando-de-salario-minimo\/#breadcrumb"},"inLanguage":"es","potentialAction":[{"@type":"ReadAction","target":["https:\/\/www.control2000.com.mx\/blog\/hablando-de-salario-minimo\/"]}]},{"@type":"BreadcrumbList","@id":"https:\/\/www.control2000.com.mx\/blog\/hablando-de-salario-minimo\/#breadcrumb","itemListElement":[{"@type":"ListItem","position":1,"name":"Portada","item":"https:\/\/www.control2000.com.mx\/blog\/"},{"@type":"ListItem","position":2,"name":"Hablando de salario m\u00ednimo"}]},{"@type":"Person","@id":"https:\/\/www.control2000.com.mx\/blog\/#\/schema\/person\/48d0cea52d4d24e32f61ed8ed768b791","name":"Pen\u00e9lope Castro","sameAs":["http:\/\/www.control2000.com.mx"],"url":"https:\/\/www.control2000.com.mx\/blog\/author\/penelope-castro\/"}]}},"fimg_url":false,"_links":{"self":[{"href":"https:\/\/www.control2000.com.mx\/blog\/wp-json\/wp\/v2\/posts\/3297"}],"collection":[{"href":"https:\/\/www.control2000.com.mx\/blog\/wp-json\/wp\/v2\/posts"}],"about":[{"href":"https:\/\/www.control2000.com.mx\/blog\/wp-json\/wp\/v2\/types\/post"}],"author":[{"embeddable":true,"href":"https:\/\/www.control2000.com.mx\/blog\/wp-json\/wp\/v2\/users\/2"}],"replies":[{"embeddable":true,"href":"https:\/\/www.control2000.com.mx\/blog\/wp-json\/wp\/v2\/comments?post=3297"}],"version-history":[{"count":1,"href":"https:\/\/www.control2000.com.mx\/blog\/wp-json\/wp\/v2\/posts\/3297\/revisions"}],"predecessor-version":[{"id":3298,"href":"https:\/\/www.control2000.com.mx\/blog\/wp-json\/wp\/v2\/posts\/3297\/revisions\/3298"}],"wp:attachment":[{"href":"https:\/\/www.control2000.com.mx\/blog\/wp-json\/wp\/v2\/media?parent=3297"}],"wp:term":[{"taxonomy":"category","embeddable":true,"href":"https:\/\/www.control2000.com.mx\/blog\/wp-json\/wp\/v2\/categories?post=3297"},{"taxonomy":"post_tag","embeddable":true,"href":"https:\/\/www.control2000.com.mx\/blog\/wp-json\/wp\/v2\/tags?post=3297"}],"curies":[{"name":"wp","href":"https:\/\/api.w.org\/{rel}","templated":true}]}}