
{"id":335,"date":"2011-07-28T00:03:30","date_gmt":"2011-07-28T05:03:30","guid":{"rendered":"https:\/\/webc2k.control2000.com.mx\/blog\/?p=335"},"modified":"2011-07-28T00:08:43","modified_gmt":"2011-07-28T05:08:43","slug":"y-tu-%c2%bfya-tienes-tu-aviso-de-privacidad-elaborado","status":"publish","type":"post","link":"https:\/\/www.control2000.com.mx\/blog\/y-tu-%c2%bfya-tienes-tu-aviso-de-privacidad-elaborado\/","title":{"rendered":"Y t\u00fa \u00bfya tienes tu aviso de privacidad elaborado?"},"content":{"rendered":"<p>Los mexicanos contamos hoy con una Ley Federal de Protecci\u00f3n de Datos Personales que protege la informaci\u00f3n personal que pueda encontrarse en las bases de datos de cualquier persona f\u00edsica, o empresa como, aseguradoras, bancos, tiendas departamentales, telef\u00f3nicas, hospitales, laboratorios, universidades.<\/p>\n<p>Esta legislaci\u00f3n contiene una serie de reglas claras y respetuosas de la privacidad, dignidad e informaci\u00f3n de las personas, derivadas de principios internacionalmente observados por otros pa\u00edses del mundo.<\/p>\n<p>La Ley regula la forma y condiciones en que las empresas deben utilizar tus datos personales y es necesario que tu empresa o instituci\u00f3n genere el aviso de privacidad, el cual tiene como prop\u00f3sito principal hacer del conocimiento del titular de los datos personales, primero, que su informaci\u00f3n personal ser\u00e1 recabada y utilizada para ciertos fines, y segundo, las caracter\u00edsticas del tratamiento al que ser\u00e1n sometidos sus datos personales. Lo anterior con el fin leg\u00edtimo de que el titular tome decisiones informadas con relaci\u00f3n a sus datos personales y controle el uso de su informaci\u00f3n personal.<\/p>\n<p>Es importante resaltar la obligaci\u00f3n de los Responsables de contar con un aviso de privacidad a partir del 6 de julio de 2011 y que las multas por no acatar esta nueva ley van de 100 a 320,000 d\u00edas de salario m\u00ednimo.<\/p>\n<p>Es por eso que a continuaci\u00f3n te mostramos la manera de cumplir con la obligaci\u00f3n de elaborar el aviso de privacidad y te mostramos otras ligas de inter\u00e9s, por si requieres mayor informaci\u00f3n.<\/p>\n<p>\u2022\t<a href=\"http:\/\/www.ifai.org.mx\/DocumentosInteres\/ligasSitios\">Protecci\u00f3n de Datos Documentos de Inter\u00e9s<\/a><br \/>\n\u2022\t<a href=\"http:\/\/www.ifai.org.mx\/descargar.php?r=\/pdf\/&#038;a=privacidadguia.pdf\">Gu\u00eda Pr\u00e1ctica para Generar el Aviso de Privacidad<\/a><br \/>\n\u2022\t<a href=\"http:\/\/www.ifai.org.mx\/descargar.php?r=\/pdf\/&#038;a=privacidadresponsable.pdf\">Recomendaciones para la Designaci\u00f3n de la Persona o Departamento de Datos Personales<\/a><br \/>\n\u2022\t<a href=\"http:\/\/www.ifai.org.mx\/Particulares\/faq\">Preguntas frecuentes<\/a><\/p>\n","protected":false},"excerpt":{"rendered":"<p>Los mexicanos contamos hoy con una Ley Federal de Protecci\u00f3n de Datos Personales que protege la informaci\u00f3n personal que pueda encontrarse en las bases de datos de cualquier persona f\u00edsica, o empresa como, [&#8230;]<a class=\"read-more read-more-c2k\" href=\"https:\/\/www.control2000.com.mx\/blog\/y-tu-%c2%bfya-tienes-tu-aviso-de-privacidad-elaborado\/\">Continuar leyendo<\/a><\/p>\n","protected":false},"author":2,"featured_media":0,"comment_status":"open","ping_status":"closed","sticky":false,"template":"","format":"standard","meta":[],"categories":[108],"tags":[114,72,115],"yoast_head":"<!-- This site is optimized with the Yoast SEO plugin v19.1 - https:\/\/yoast.com\/wordpress\/plugins\/seo\/ -->\n<title>Y t\u00fa \u00bfya tienes tu aviso de privacidad elaborado? - Blog 2000<\/title>\n<meta name=\"robots\" content=\"index, follow, max-snippet:-1, max-image-preview:large, max-video-preview:-1\" \/>\n<link rel=\"canonical\" href=\"https:\/\/www.control2000.com.mx\/blog\/y-tu-\u00bfya-tienes-tu-aviso-de-privacidad-elaborado\/\" \/>\n<meta property=\"og:locale\" content=\"es_ES\" \/>\n<meta property=\"og:type\" content=\"article\" \/>\n<meta property=\"og:title\" content=\"Y t\u00fa \u00bfya tienes tu aviso de privacidad elaborado? - Blog 2000\" \/>\n<meta property=\"og:description\" content=\"Los mexicanos contamos hoy con una Ley Federal de Protecci\u00f3n de Datos Personales que protege la informaci\u00f3n personal que pueda encontrarse en las bases de datos de cualquier persona f\u00edsica, o empresa como, [...]Continuar leyendo\" \/>\n<meta property=\"og:url\" content=\"https:\/\/www.control2000.com.mx\/blog\/y-tu-\u00bfya-tienes-tu-aviso-de-privacidad-elaborado\/\" \/>\n<meta property=\"og:site_name\" content=\"Blog 2000\" \/>\n<meta property=\"article:published_time\" content=\"2011-07-28T05:03:30+00:00\" \/>\n<meta property=\"article:modified_time\" content=\"2011-07-28T05:08:43+00:00\" \/>\n<meta name=\"twitter:card\" content=\"summary_large_image\" \/>\n<meta name=\"twitter:label1\" content=\"Escrito por\" \/>\n\t<meta name=\"twitter:data1\" content=\"Pen\u00e9lope Castro\" \/>\n\t<meta name=\"twitter:label2\" content=\"Tiempo de lectura\" \/>\n\t<meta name=\"twitter:data2\" content=\"1 minuto\" \/>\n<script type=\"application\/ld+json\" class=\"yoast-schema-graph\">{\"@context\":\"https:\/\/schema.org\",\"@graph\":[{\"@type\":\"WebSite\",\"@id\":\"https:\/\/www.control2000.com.mx\/blog\/#website\",\"url\":\"https:\/\/www.control2000.com.mx\/blog\/\",\"name\":\"Blog 2000\",\"description\":\"Consejos, tips y noticias, especialmente creados para ti. Somos desarrolladores de soluciones de software administrativo, contable y fiscal para las peque\u00f1as, medianas y grandes empresas en proceso de crecimiento y estabilidad.\",\"potentialAction\":[{\"@type\":\"SearchAction\",\"target\":{\"@type\":\"EntryPoint\",\"urlTemplate\":\"https:\/\/www.control2000.com.mx\/blog\/?s={search_term_string}\"},\"query-input\":\"required name=search_term_string\"}],\"inLanguage\":\"es\"},{\"@type\":\"WebPage\",\"@id\":\"https:\/\/www.control2000.com.mx\/blog\/y-tu-%c2%bfya-tienes-tu-aviso-de-privacidad-elaborado\/#webpage\",\"url\":\"https:\/\/www.control2000.com.mx\/blog\/y-tu-%c2%bfya-tienes-tu-aviso-de-privacidad-elaborado\/\",\"name\":\"Y t\u00fa \u00bfya tienes tu aviso de privacidad elaborado? - Blog 2000\",\"isPartOf\":{\"@id\":\"https:\/\/www.control2000.com.mx\/blog\/#website\"},\"datePublished\":\"2011-07-28T05:03:30+00:00\",\"dateModified\":\"2011-07-28T05:08:43+00:00\",\"author\":{\"@id\":\"https:\/\/www.control2000.com.mx\/blog\/#\/schema\/person\/48d0cea52d4d24e32f61ed8ed768b791\"},\"breadcrumb\":{\"@id\":\"https:\/\/www.control2000.com.mx\/blog\/y-tu-%c2%bfya-tienes-tu-aviso-de-privacidad-elaborado\/#breadcrumb\"},\"inLanguage\":\"es\",\"potentialAction\":[{\"@type\":\"ReadAction\",\"target\":[\"https:\/\/www.control2000.com.mx\/blog\/y-tu-%c2%bfya-tienes-tu-aviso-de-privacidad-elaborado\/\"]}]},{\"@type\":\"BreadcrumbList\",\"@id\":\"https:\/\/www.control2000.com.mx\/blog\/y-tu-%c2%bfya-tienes-tu-aviso-de-privacidad-elaborado\/#breadcrumb\",\"itemListElement\":[{\"@type\":\"ListItem\",\"position\":1,\"name\":\"Portada\",\"item\":\"https:\/\/www.control2000.com.mx\/blog\/\"},{\"@type\":\"ListItem\",\"position\":2,\"name\":\"Y t\u00fa \u00bfya tienes tu aviso de privacidad elaborado?\"}]},{\"@type\":\"Person\",\"@id\":\"https:\/\/www.control2000.com.mx\/blog\/#\/schema\/person\/48d0cea52d4d24e32f61ed8ed768b791\",\"name\":\"Pen\u00e9lope Castro\",\"sameAs\":[\"http:\/\/www.control2000.com.mx\"],\"url\":\"https:\/\/www.control2000.com.mx\/blog\/author\/penelope-castro\/\"}]}<\/script>\n<!-- \/ Yoast SEO plugin. -->","yoast_head_json":{"title":"Y t\u00fa \u00bfya tienes tu aviso de privacidad elaborado? - Blog 2000","robots":{"index":"index","follow":"follow","max-snippet":"max-snippet:-1","max-image-preview":"max-image-preview:large","max-video-preview":"max-video-preview:-1"},"canonical":"https:\/\/www.control2000.com.mx\/blog\/y-tu-\u00bfya-tienes-tu-aviso-de-privacidad-elaborado\/","og_locale":"es_ES","og_type":"article","og_title":"Y t\u00fa \u00bfya tienes tu aviso de privacidad elaborado? - Blog 2000","og_description":"Los mexicanos contamos hoy con una Ley Federal de Protecci\u00f3n de Datos Personales que protege la informaci\u00f3n personal que pueda encontrarse en las bases de datos de cualquier persona f\u00edsica, o empresa como, [...]Continuar leyendo","og_url":"https:\/\/www.control2000.com.mx\/blog\/y-tu-\u00bfya-tienes-tu-aviso-de-privacidad-elaborado\/","og_site_name":"Blog 2000","article_published_time":"2011-07-28T05:03:30+00:00","article_modified_time":"2011-07-28T05:08:43+00:00","twitter_card":"summary_large_image","twitter_misc":{"Escrito por":"Pen\u00e9lope Castro","Tiempo de lectura":"1 minuto"},"schema":{"@context":"https:\/\/schema.org","@graph":[{"@type":"WebSite","@id":"https:\/\/www.control2000.com.mx\/blog\/#website","url":"https:\/\/www.control2000.com.mx\/blog\/","name":"Blog 2000","description":"Consejos, tips y noticias, especialmente creados para ti. Somos desarrolladores de soluciones de software administrativo, contable y fiscal para las peque\u00f1as, medianas y grandes empresas en proceso de crecimiento y estabilidad.","potentialAction":[{"@type":"SearchAction","target":{"@type":"EntryPoint","urlTemplate":"https:\/\/www.control2000.com.mx\/blog\/?s={search_term_string}"},"query-input":"required name=search_term_string"}],"inLanguage":"es"},{"@type":"WebPage","@id":"https:\/\/www.control2000.com.mx\/blog\/y-tu-%c2%bfya-tienes-tu-aviso-de-privacidad-elaborado\/#webpage","url":"https:\/\/www.control2000.com.mx\/blog\/y-tu-%c2%bfya-tienes-tu-aviso-de-privacidad-elaborado\/","name":"Y t\u00fa \u00bfya tienes tu aviso de privacidad elaborado? - Blog 2000","isPartOf":{"@id":"https:\/\/www.control2000.com.mx\/blog\/#website"},"datePublished":"2011-07-28T05:03:30+00:00","dateModified":"2011-07-28T05:08:43+00:00","author":{"@id":"https:\/\/www.control2000.com.mx\/blog\/#\/schema\/person\/48d0cea52d4d24e32f61ed8ed768b791"},"breadcrumb":{"@id":"https:\/\/www.control2000.com.mx\/blog\/y-tu-%c2%bfya-tienes-tu-aviso-de-privacidad-elaborado\/#breadcrumb"},"inLanguage":"es","potentialAction":[{"@type":"ReadAction","target":["https:\/\/www.control2000.com.mx\/blog\/y-tu-%c2%bfya-tienes-tu-aviso-de-privacidad-elaborado\/"]}]},{"@type":"BreadcrumbList","@id":"https:\/\/www.control2000.com.mx\/blog\/y-tu-%c2%bfya-tienes-tu-aviso-de-privacidad-elaborado\/#breadcrumb","itemListElement":[{"@type":"ListItem","position":1,"name":"Portada","item":"https:\/\/www.control2000.com.mx\/blog\/"},{"@type":"ListItem","position":2,"name":"Y t\u00fa \u00bfya tienes tu aviso de privacidad elaborado?"}]},{"@type":"Person","@id":"https:\/\/www.control2000.com.mx\/blog\/#\/schema\/person\/48d0cea52d4d24e32f61ed8ed768b791","name":"Pen\u00e9lope Castro","sameAs":["http:\/\/www.control2000.com.mx"],"url":"https:\/\/www.control2000.com.mx\/blog\/author\/penelope-castro\/"}]}},"fimg_url":false,"_links":{"self":[{"href":"https:\/\/www.control2000.com.mx\/blog\/wp-json\/wp\/v2\/posts\/335"}],"collection":[{"href":"https:\/\/www.control2000.com.mx\/blog\/wp-json\/wp\/v2\/posts"}],"about":[{"href":"https:\/\/www.control2000.com.mx\/blog\/wp-json\/wp\/v2\/types\/post"}],"author":[{"embeddable":true,"href":"https:\/\/www.control2000.com.mx\/blog\/wp-json\/wp\/v2\/users\/2"}],"replies":[{"embeddable":true,"href":"https:\/\/www.control2000.com.mx\/blog\/wp-json\/wp\/v2\/comments?post=335"}],"version-history":[{"count":3,"href":"https:\/\/www.control2000.com.mx\/blog\/wp-json\/wp\/v2\/posts\/335\/revisions"}],"predecessor-version":[{"id":340,"href":"https:\/\/www.control2000.com.mx\/blog\/wp-json\/wp\/v2\/posts\/335\/revisions\/340"}],"wp:attachment":[{"href":"https:\/\/www.control2000.com.mx\/blog\/wp-json\/wp\/v2\/media?parent=335"}],"wp:term":[{"taxonomy":"category","embeddable":true,"href":"https:\/\/www.control2000.com.mx\/blog\/wp-json\/wp\/v2\/categories?post=335"},{"taxonomy":"post_tag","embeddable":true,"href":"https:\/\/www.control2000.com.mx\/blog\/wp-json\/wp\/v2\/tags?post=335"}],"curies":[{"name":"wp","href":"https:\/\/api.w.org\/{rel}","templated":true}]}}