
{"id":401,"date":"2011-08-17T01:38:43","date_gmt":"2011-08-17T06:38:43","guid":{"rendered":"https:\/\/webc2k.control2000.com.mx\/blog\/?p=401"},"modified":"2011-08-17T01:38:43","modified_gmt":"2011-08-17T06:38:43","slug":"decreto-por-el-que-se-reforman-los-articulos-71-72-y-78-de-la-constitucion","status":"publish","type":"post","link":"https:\/\/www.control2000.com.mx\/blog\/decreto-por-el-que-se-reforman-los-articulos-71-72-y-78-de-la-constitucion\/","title":{"rendered":"Decreto por el que se reforman los art\u00edculos 71, 72 y 78 de la Constituci\u00f3n"},"content":{"rendered":"<p>Se publica un decreto con el que se aval\u00f3 la decisi\u00f3n de los legisladores de eliminar el denominado \u00abveto de bolsillo\u00bb, que daba al Ejecutivo la posibilidad de omitir de manera indefinida la publicaci\u00f3n de un proyecto de decreto remitido por el Congreso de la Uni\u00f3n.<\/p>\n<p>No s\u00e9 si recuerden pero hace varios a\u00f1os el Congreso aprob\u00f3 un decreto para poder deducir la gasolina pagada en efectivo y dicho decreto nunca se public\u00f3 en el DOF, pues con esta reforma eso ya no volver\u00eda a suceder.<\/p>\n<p>La reforma modifica, tambi\u00e9n, el plazo de 10 d\u00edas \u00fatiles para emitir observaciones, estableci\u00e9ndose ahora un periodo de 30 d\u00edas naturales para que el Ejecutivo publique un proyecto remitido por el Congreso o bien para hacer las observaciones, de no devolverse con \u00e9stas, el Ejecutivo cuenta ahora con un plazo de 10 d\u00edas para su publicaci\u00f3n, y si esta no ocurriese, el Presidente de la C\u00e1mara de origen estar\u00eda facultado para ordenar su publicaci\u00f3n en los 10 d\u00edas naturales siguientes.<\/p>\n<p><a href='https:\/\/webc2k.control2000.com.mx\/blog\/wp-content\/uploads\/2011\/08\/DOF-17-08-2011.doc'>Descarga el decreto completo<\/a><\/p>\n","protected":false},"excerpt":{"rendered":"<p>Se publica un decreto con el que se aval\u00f3 la decisi\u00f3n de los legisladores de eliminar el denominado \u00abveto de bolsillo\u00bb, que daba al Ejecutivo la posibilidad de omitir de manera indefinida la publicaci\u00f3n de un proyecto de decreto remitido por el Congreso de la Uni\u00f3n. [&#8230;]<a class=\"read-more read-more-c2k\" href=\"https:\/\/www.control2000.com.mx\/blog\/decreto-por-el-que-se-reforman-los-articulos-71-72-y-78-de-la-constitucion\/\">Continuar leyendo<\/a><\/p>\n","protected":false},"author":2,"featured_media":0,"comment_status":"open","ping_status":"closed","sticky":false,"template":"","format":"standard","meta":[],"categories":[41],"tags":[132,29,63,131],"yoast_head":"<!-- This site is optimized with the Yoast SEO plugin v19.1 - https:\/\/yoast.com\/wordpress\/plugins\/seo\/ -->\n<title>Decreto por el que se reforman los art\u00edculos 71, 72 y 78 de la Constituci\u00f3n  - Blog 2000<\/title>\n<meta name=\"robots\" content=\"index, follow, max-snippet:-1, max-image-preview:large, max-video-preview:-1\" \/>\n<link rel=\"canonical\" href=\"https:\/\/www.control2000.com.mx\/blog\/decreto-por-el-que-se-reforman-los-articulos-71-72-y-78-de-la-constitucion\/\" \/>\n<meta property=\"og:locale\" content=\"es_ES\" \/>\n<meta property=\"og:type\" content=\"article\" \/>\n<meta property=\"og:title\" content=\"Decreto por el que se reforman los art\u00edculos 71, 72 y 78 de la Constituci\u00f3n  - Blog 2000\" \/>\n<meta property=\"og:description\" content=\"Se publica un decreto con el que se aval\u00f3 la decisi\u00f3n de los legisladores de eliminar el denominado \u00abveto de bolsillo\u00bb, que daba al Ejecutivo la posibilidad de omitir de manera indefinida la publicaci\u00f3n de un proyecto de decreto remitido por el Congreso de la Uni\u00f3n. [...]Continuar leyendo\" \/>\n<meta property=\"og:url\" content=\"https:\/\/www.control2000.com.mx\/blog\/decreto-por-el-que-se-reforman-los-articulos-71-72-y-78-de-la-constitucion\/\" \/>\n<meta property=\"og:site_name\" content=\"Blog 2000\" \/>\n<meta property=\"article:published_time\" content=\"2011-08-17T06:38:43+00:00\" \/>\n<meta name=\"twitter:card\" content=\"summary_large_image\" \/>\n<meta name=\"twitter:label1\" content=\"Escrito por\" \/>\n\t<meta name=\"twitter:data1\" content=\"Pen\u00e9lope Castro\" \/>\n\t<meta name=\"twitter:label2\" content=\"Tiempo de lectura\" \/>\n\t<meta name=\"twitter:data2\" content=\"1 minuto\" \/>\n<script type=\"application\/ld+json\" class=\"yoast-schema-graph\">{\"@context\":\"https:\/\/schema.org\",\"@graph\":[{\"@type\":\"WebSite\",\"@id\":\"https:\/\/www.control2000.com.mx\/blog\/#website\",\"url\":\"https:\/\/www.control2000.com.mx\/blog\/\",\"name\":\"Blog 2000\",\"description\":\"Consejos, tips y noticias, especialmente creados para ti. Somos desarrolladores de soluciones de software administrativo, contable y fiscal para las peque\u00f1as, medianas y grandes empresas en proceso de crecimiento y estabilidad.\",\"potentialAction\":[{\"@type\":\"SearchAction\",\"target\":{\"@type\":\"EntryPoint\",\"urlTemplate\":\"https:\/\/www.control2000.com.mx\/blog\/?s={search_term_string}\"},\"query-input\":\"required name=search_term_string\"}],\"inLanguage\":\"es\"},{\"@type\":\"WebPage\",\"@id\":\"https:\/\/www.control2000.com.mx\/blog\/decreto-por-el-que-se-reforman-los-articulos-71-72-y-78-de-la-constitucion\/#webpage\",\"url\":\"https:\/\/www.control2000.com.mx\/blog\/decreto-por-el-que-se-reforman-los-articulos-71-72-y-78-de-la-constitucion\/\",\"name\":\"Decreto por el que se reforman los art\u00edculos 71, 72 y 78 de la Constituci\u00f3n - Blog 2000\",\"isPartOf\":{\"@id\":\"https:\/\/www.control2000.com.mx\/blog\/#website\"},\"datePublished\":\"2011-08-17T06:38:43+00:00\",\"dateModified\":\"2011-08-17T06:38:43+00:00\",\"author\":{\"@id\":\"https:\/\/www.control2000.com.mx\/blog\/#\/schema\/person\/48d0cea52d4d24e32f61ed8ed768b791\"},\"breadcrumb\":{\"@id\":\"https:\/\/www.control2000.com.mx\/blog\/decreto-por-el-que-se-reforman-los-articulos-71-72-y-78-de-la-constitucion\/#breadcrumb\"},\"inLanguage\":\"es\",\"potentialAction\":[{\"@type\":\"ReadAction\",\"target\":[\"https:\/\/www.control2000.com.mx\/blog\/decreto-por-el-que-se-reforman-los-articulos-71-72-y-78-de-la-constitucion\/\"]}]},{\"@type\":\"BreadcrumbList\",\"@id\":\"https:\/\/www.control2000.com.mx\/blog\/decreto-por-el-que-se-reforman-los-articulos-71-72-y-78-de-la-constitucion\/#breadcrumb\",\"itemListElement\":[{\"@type\":\"ListItem\",\"position\":1,\"name\":\"Portada\",\"item\":\"https:\/\/www.control2000.com.mx\/blog\/\"},{\"@type\":\"ListItem\",\"position\":2,\"name\":\"Decreto por el que se reforman los art\u00edculos 71, 72 y 78 de la Constituci\u00f3n\"}]},{\"@type\":\"Person\",\"@id\":\"https:\/\/www.control2000.com.mx\/blog\/#\/schema\/person\/48d0cea52d4d24e32f61ed8ed768b791\",\"name\":\"Pen\u00e9lope Castro\",\"sameAs\":[\"http:\/\/www.control2000.com.mx\"],\"url\":\"https:\/\/www.control2000.com.mx\/blog\/author\/penelope-castro\/\"}]}<\/script>\n<!-- \/ Yoast SEO plugin. -->","yoast_head_json":{"title":"Decreto por el que se reforman los art\u00edculos 71, 72 y 78 de la Constituci\u00f3n  - Blog 2000","robots":{"index":"index","follow":"follow","max-snippet":"max-snippet:-1","max-image-preview":"max-image-preview:large","max-video-preview":"max-video-preview:-1"},"canonical":"https:\/\/www.control2000.com.mx\/blog\/decreto-por-el-que-se-reforman-los-articulos-71-72-y-78-de-la-constitucion\/","og_locale":"es_ES","og_type":"article","og_title":"Decreto por el que se reforman los art\u00edculos 71, 72 y 78 de la Constituci\u00f3n  - Blog 2000","og_description":"Se publica un decreto con el que se aval\u00f3 la decisi\u00f3n de los legisladores de eliminar el denominado \u00abveto de bolsillo\u00bb, que daba al Ejecutivo la posibilidad de omitir de manera indefinida la publicaci\u00f3n de un proyecto de decreto remitido por el Congreso de la Uni\u00f3n. [...]Continuar leyendo","og_url":"https:\/\/www.control2000.com.mx\/blog\/decreto-por-el-que-se-reforman-los-articulos-71-72-y-78-de-la-constitucion\/","og_site_name":"Blog 2000","article_published_time":"2011-08-17T06:38:43+00:00","twitter_card":"summary_large_image","twitter_misc":{"Escrito por":"Pen\u00e9lope Castro","Tiempo de lectura":"1 minuto"},"schema":{"@context":"https:\/\/schema.org","@graph":[{"@type":"WebSite","@id":"https:\/\/www.control2000.com.mx\/blog\/#website","url":"https:\/\/www.control2000.com.mx\/blog\/","name":"Blog 2000","description":"Consejos, tips y noticias, especialmente creados para ti. Somos desarrolladores de soluciones de software administrativo, contable y fiscal para las peque\u00f1as, medianas y grandes empresas en proceso de crecimiento y estabilidad.","potentialAction":[{"@type":"SearchAction","target":{"@type":"EntryPoint","urlTemplate":"https:\/\/www.control2000.com.mx\/blog\/?s={search_term_string}"},"query-input":"required name=search_term_string"}],"inLanguage":"es"},{"@type":"WebPage","@id":"https:\/\/www.control2000.com.mx\/blog\/decreto-por-el-que-se-reforman-los-articulos-71-72-y-78-de-la-constitucion\/#webpage","url":"https:\/\/www.control2000.com.mx\/blog\/decreto-por-el-que-se-reforman-los-articulos-71-72-y-78-de-la-constitucion\/","name":"Decreto por el que se reforman los art\u00edculos 71, 72 y 78 de la Constituci\u00f3n - Blog 2000","isPartOf":{"@id":"https:\/\/www.control2000.com.mx\/blog\/#website"},"datePublished":"2011-08-17T06:38:43+00:00","dateModified":"2011-08-17T06:38:43+00:00","author":{"@id":"https:\/\/www.control2000.com.mx\/blog\/#\/schema\/person\/48d0cea52d4d24e32f61ed8ed768b791"},"breadcrumb":{"@id":"https:\/\/www.control2000.com.mx\/blog\/decreto-por-el-que-se-reforman-los-articulos-71-72-y-78-de-la-constitucion\/#breadcrumb"},"inLanguage":"es","potentialAction":[{"@type":"ReadAction","target":["https:\/\/www.control2000.com.mx\/blog\/decreto-por-el-que-se-reforman-los-articulos-71-72-y-78-de-la-constitucion\/"]}]},{"@type":"BreadcrumbList","@id":"https:\/\/www.control2000.com.mx\/blog\/decreto-por-el-que-se-reforman-los-articulos-71-72-y-78-de-la-constitucion\/#breadcrumb","itemListElement":[{"@type":"ListItem","position":1,"name":"Portada","item":"https:\/\/www.control2000.com.mx\/blog\/"},{"@type":"ListItem","position":2,"name":"Decreto por el que se reforman los art\u00edculos 71, 72 y 78 de la Constituci\u00f3n"}]},{"@type":"Person","@id":"https:\/\/www.control2000.com.mx\/blog\/#\/schema\/person\/48d0cea52d4d24e32f61ed8ed768b791","name":"Pen\u00e9lope Castro","sameAs":["http:\/\/www.control2000.com.mx"],"url":"https:\/\/www.control2000.com.mx\/blog\/author\/penelope-castro\/"}]}},"fimg_url":false,"_links":{"self":[{"href":"https:\/\/www.control2000.com.mx\/blog\/wp-json\/wp\/v2\/posts\/401"}],"collection":[{"href":"https:\/\/www.control2000.com.mx\/blog\/wp-json\/wp\/v2\/posts"}],"about":[{"href":"https:\/\/www.control2000.com.mx\/blog\/wp-json\/wp\/v2\/types\/post"}],"author":[{"embeddable":true,"href":"https:\/\/www.control2000.com.mx\/blog\/wp-json\/wp\/v2\/users\/2"}],"replies":[{"embeddable":true,"href":"https:\/\/www.control2000.com.mx\/blog\/wp-json\/wp\/v2\/comments?post=401"}],"version-history":[{"count":1,"href":"https:\/\/www.control2000.com.mx\/blog\/wp-json\/wp\/v2\/posts\/401\/revisions"}],"predecessor-version":[{"id":403,"href":"https:\/\/www.control2000.com.mx\/blog\/wp-json\/wp\/v2\/posts\/401\/revisions\/403"}],"wp:attachment":[{"href":"https:\/\/www.control2000.com.mx\/blog\/wp-json\/wp\/v2\/media?parent=401"}],"wp:term":[{"taxonomy":"category","embeddable":true,"href":"https:\/\/www.control2000.com.mx\/blog\/wp-json\/wp\/v2\/categories?post=401"},{"taxonomy":"post_tag","embeddable":true,"href":"https:\/\/www.control2000.com.mx\/blog\/wp-json\/wp\/v2\/tags?post=401"}],"curies":[{"name":"wp","href":"https:\/\/api.w.org\/{rel}","templated":true}]}}