
{"id":4183,"date":"2019-09-24T15:38:15","date_gmt":"2019-09-24T20:38:15","guid":{"rendered":"https:\/\/webc2k.control2000.com.mx\/blog\/?p=4183"},"modified":"2019-09-24T16:01:21","modified_gmt":"2019-09-24T21:01:21","slug":"se-va-a-poner-intenso-el-tema-de-la-materialidad","status":"publish","type":"post","link":"https:\/\/www.control2000.com.mx\/blog\/se-va-a-poner-intenso-el-tema-de-la-materialidad\/","title":{"rendered":"Se va a poner intenso el tema de la materialidad"},"content":{"rendered":"<p>Este es un criterio de la PRODECON que les quiero compartir ahora que vamos a tener que lidiar con este tema retomado, corregido y aumentado en la iniciativa de reforma fiscal para el pr\u00f3ximo a\u00f1o.<\/p>\n<p><strong>8\/2018\/CTN\/CS-SASEN (Aprobado 3ra. Sesi\u00f3n Ordinaria 26\/03\/2018 )<\/p>\n<p>OPERACIONES INEXISTENTES. DEL ART\u00cdCULO 69-B DEL CFF, NO SE DESPRENDE QUE PREVEA LA P\u00c9RDIDA DEL DERECHO DE LOS RECEPTORES DE LOS CFDI PARA DEMOSTRAR LA EFECTIVA REALIZACI\u00d3N DE AQU\u00c9LLAS. <\/strong>Del an\u00e1lisis del texto, hip\u00f3tesis y consecuencias jur\u00eddicas del referido precepto, as\u00ed como del estudio sistem\u00e1tico del C\u00f3digo Fiscal de la Federaci\u00f3n (CFF), se puede apreciar que existen tres momentos para que los contribuyentes que deducen operaciones simuladas (EDOS) al recibir comprobantes fiscales digitales por Internet (CFDI) de los contribuyentes publicados en el listado definitivo del art\u00edculo 69-B (EFOS-Empresas que facturan operaciones simuladas), puedan desvirtuar la presunci\u00f3n de inexistencia de las operaciones que se amparan en los CFDI. El primer momento es el establecido, precisamente, en el quinto p\u00e1rrafo del art\u00edculo 69-B del CFF, que se\u00f1ala que los terceros que hayan dado cualquier efecto fiscal a dichos comprobantes, tendr\u00e1n un plazo de treinta d\u00edas siguientes a la publicaci\u00f3n del listado definitivo para demostrar ante la autoridad que efectivamente adquirieron los bienes o recibieron los servicios, o bien, que corrigieron su situaci\u00f3n fiscal. Sin embargo, en opini\u00f3n de Prodecon, el no ejercer ese derecho dentro del plazo aludido no implica que precluya la posibilidad de hacerlo con posterioridad, toda vez que lo cierto es que el EDO no ha sido notificado personal y directamente dentro de un proceso que lo vincule a demostrar dicha materialidad, sin que obste la publicaci\u00f3n del contribuyente emisor de los comprobantes en el Diario Oficial de la Federaci\u00f3n y en la p\u00e1gina de internet del Servicio de Administraci\u00f3n Tributaria, ya que dicha publicaci\u00f3n no puede surtir efectos de notificaci\u00f3n frente a los terceros que recibieron esos comprobantes. El segundo momento puede producirse cuando concluido el mencionado plazo de treinta d\u00edas, alguna autoridad emite una carta invitaci\u00f3n para que los contribuyentes aclaren su situaci\u00f3n o bien se regularicen. En este supuesto pueden ejercer el derecho para acreditar dicha materialidad de las operaciones o autocorregirse; empero si no lo hacen, en opini\u00f3n de esta Procuradur\u00eda, tampoco precluir\u00eda el derecho para demostrar con posterioridad la efectiva materialidad, ya que dichas cartas no representan un acto de afectaci\u00f3n, tan es as\u00ed que la Suprema Corte de Justicia de la Naci\u00f3n ha declarado que no resultan impugnables por no constituir, precisamente, un acto de autoridad. Finalmente, se estima que el tercer y definitivo momento para que el contribuyente pueda demostrar la materialidad de las operaciones declaradas inexistentes, es cuando la autoridad ejerce en su contra alguno de los procedimientos de fiscalizaci\u00f3n previstos en las fracciones II, III y IX del art\u00edculo 42 del CFF; consecuentemente, en opini\u00f3n de Prodecon, la \u00faltima oportunidad que tienen las personas f\u00edsicas o morales para acreditar la referida materialidad se actualiza hasta que se les instaura el procedimiento de revisi\u00f3n fiscal respectivo.<\/p>\n<p>SUSTENTADO EN: Consulta PRODECON\/SASEN\/DGEN\/II\/231\/2017 <\/p>\n<p>RELACIONADO CON:<br \/>\nCRITERIO SUSTANTIVO 9\/2016\/CTN\/CS-SASEN<br \/>\nCRITERIO SUSTANTIVO 2\/2016\/CTN\/CS-SASEN<\/p>\n","protected":false},"excerpt":{"rendered":"<p>Este es un criterio de la PRODECON que les quiero compartir ahora que vamos a tener que lidiar con este tema retomado, corregido y aumentado en la iniciativa de reforma fiscal para el pr\u00f3ximo a\u00f1o. [&#8230;]<a class=\"read-more read-more-c2k\" href=\"https:\/\/www.control2000.com.mx\/blog\/se-va-a-poner-intenso-el-tema-de-la-materialidad\/\">Continuar leyendo<\/a><\/p>\n","protected":false},"author":2,"featured_media":0,"comment_status":"open","ping_status":"closed","sticky":false,"template":"","format":"standard","meta":[],"categories":[51],"tags":[735,954,953,946],"yoast_head":"<!-- This site is optimized with the Yoast SEO plugin v19.1 - https:\/\/yoast.com\/wordpress\/plugins\/seo\/ -->\n<title>Se va a poner intenso el tema de la materialidad - Blog 2000<\/title>\n<meta name=\"robots\" content=\"index, follow, max-snippet:-1, max-image-preview:large, max-video-preview:-1\" \/>\n<link rel=\"canonical\" href=\"https:\/\/www.control2000.com.mx\/blog\/se-va-a-poner-intenso-el-tema-de-la-materialidad\/\" \/>\n<meta property=\"og:locale\" content=\"es_ES\" \/>\n<meta property=\"og:type\" content=\"article\" \/>\n<meta property=\"og:title\" content=\"Se va a poner intenso el tema de la materialidad - Blog 2000\" \/>\n<meta property=\"og:description\" content=\"Este es un criterio de la PRODECON que les quiero compartir ahora que vamos a tener que lidiar con este tema retomado, corregido y aumentado en la iniciativa de reforma fiscal para el pr\u00f3ximo a\u00f1o. [...]Continuar leyendo\" \/>\n<meta property=\"og:url\" content=\"https:\/\/www.control2000.com.mx\/blog\/se-va-a-poner-intenso-el-tema-de-la-materialidad\/\" \/>\n<meta property=\"og:site_name\" content=\"Blog 2000\" \/>\n<meta property=\"article:published_time\" content=\"2019-09-24T20:38:15+00:00\" \/>\n<meta property=\"article:modified_time\" content=\"2019-09-24T21:01:21+00:00\" \/>\n<meta name=\"twitter:card\" content=\"summary_large_image\" \/>\n<meta name=\"twitter:label1\" content=\"Escrito por\" \/>\n\t<meta name=\"twitter:data1\" content=\"Pen\u00e9lope Castro\" \/>\n\t<meta name=\"twitter:label2\" content=\"Tiempo de lectura\" \/>\n\t<meta name=\"twitter:data2\" content=\"3 minutos\" \/>\n<script type=\"application\/ld+json\" class=\"yoast-schema-graph\">{\"@context\":\"https:\/\/schema.org\",\"@graph\":[{\"@type\":\"WebSite\",\"@id\":\"https:\/\/www.control2000.com.mx\/blog\/#website\",\"url\":\"https:\/\/www.control2000.com.mx\/blog\/\",\"name\":\"Blog 2000\",\"description\":\"Consejos, tips y noticias, especialmente creados para ti. Somos desarrolladores de soluciones de software administrativo, contable y fiscal para las peque\u00f1as, medianas y grandes empresas en proceso de crecimiento y estabilidad.\",\"potentialAction\":[{\"@type\":\"SearchAction\",\"target\":{\"@type\":\"EntryPoint\",\"urlTemplate\":\"https:\/\/www.control2000.com.mx\/blog\/?s={search_term_string}\"},\"query-input\":\"required name=search_term_string\"}],\"inLanguage\":\"es\"},{\"@type\":\"WebPage\",\"@id\":\"https:\/\/www.control2000.com.mx\/blog\/se-va-a-poner-intenso-el-tema-de-la-materialidad\/#webpage\",\"url\":\"https:\/\/www.control2000.com.mx\/blog\/se-va-a-poner-intenso-el-tema-de-la-materialidad\/\",\"name\":\"Se va a poner intenso el tema de la materialidad - Blog 2000\",\"isPartOf\":{\"@id\":\"https:\/\/www.control2000.com.mx\/blog\/#website\"},\"datePublished\":\"2019-09-24T20:38:15+00:00\",\"dateModified\":\"2019-09-24T21:01:21+00:00\",\"author\":{\"@id\":\"https:\/\/www.control2000.com.mx\/blog\/#\/schema\/person\/48d0cea52d4d24e32f61ed8ed768b791\"},\"breadcrumb\":{\"@id\":\"https:\/\/www.control2000.com.mx\/blog\/se-va-a-poner-intenso-el-tema-de-la-materialidad\/#breadcrumb\"},\"inLanguage\":\"es\",\"potentialAction\":[{\"@type\":\"ReadAction\",\"target\":[\"https:\/\/www.control2000.com.mx\/blog\/se-va-a-poner-intenso-el-tema-de-la-materialidad\/\"]}]},{\"@type\":\"BreadcrumbList\",\"@id\":\"https:\/\/www.control2000.com.mx\/blog\/se-va-a-poner-intenso-el-tema-de-la-materialidad\/#breadcrumb\",\"itemListElement\":[{\"@type\":\"ListItem\",\"position\":1,\"name\":\"Portada\",\"item\":\"https:\/\/www.control2000.com.mx\/blog\/\"},{\"@type\":\"ListItem\",\"position\":2,\"name\":\"Se va a poner intenso el tema de la materialidad\"}]},{\"@type\":\"Person\",\"@id\":\"https:\/\/www.control2000.com.mx\/blog\/#\/schema\/person\/48d0cea52d4d24e32f61ed8ed768b791\",\"name\":\"Pen\u00e9lope Castro\",\"sameAs\":[\"http:\/\/www.control2000.com.mx\"],\"url\":\"https:\/\/www.control2000.com.mx\/blog\/author\/penelope-castro\/\"}]}<\/script>\n<!-- \/ Yoast SEO plugin. -->","yoast_head_json":{"title":"Se va a poner intenso el tema de la materialidad - Blog 2000","robots":{"index":"index","follow":"follow","max-snippet":"max-snippet:-1","max-image-preview":"max-image-preview:large","max-video-preview":"max-video-preview:-1"},"canonical":"https:\/\/www.control2000.com.mx\/blog\/se-va-a-poner-intenso-el-tema-de-la-materialidad\/","og_locale":"es_ES","og_type":"article","og_title":"Se va a poner intenso el tema de la materialidad - Blog 2000","og_description":"Este es un criterio de la PRODECON que les quiero compartir ahora que vamos a tener que lidiar con este tema retomado, corregido y aumentado en la iniciativa de reforma fiscal para el pr\u00f3ximo a\u00f1o. [...]Continuar leyendo","og_url":"https:\/\/www.control2000.com.mx\/blog\/se-va-a-poner-intenso-el-tema-de-la-materialidad\/","og_site_name":"Blog 2000","article_published_time":"2019-09-24T20:38:15+00:00","article_modified_time":"2019-09-24T21:01:21+00:00","twitter_card":"summary_large_image","twitter_misc":{"Escrito por":"Pen\u00e9lope Castro","Tiempo de lectura":"3 minutos"},"schema":{"@context":"https:\/\/schema.org","@graph":[{"@type":"WebSite","@id":"https:\/\/www.control2000.com.mx\/blog\/#website","url":"https:\/\/www.control2000.com.mx\/blog\/","name":"Blog 2000","description":"Consejos, tips y noticias, especialmente creados para ti. Somos desarrolladores de soluciones de software administrativo, contable y fiscal para las peque\u00f1as, medianas y grandes empresas en proceso de crecimiento y estabilidad.","potentialAction":[{"@type":"SearchAction","target":{"@type":"EntryPoint","urlTemplate":"https:\/\/www.control2000.com.mx\/blog\/?s={search_term_string}"},"query-input":"required name=search_term_string"}],"inLanguage":"es"},{"@type":"WebPage","@id":"https:\/\/www.control2000.com.mx\/blog\/se-va-a-poner-intenso-el-tema-de-la-materialidad\/#webpage","url":"https:\/\/www.control2000.com.mx\/blog\/se-va-a-poner-intenso-el-tema-de-la-materialidad\/","name":"Se va a poner intenso el tema de la materialidad - Blog 2000","isPartOf":{"@id":"https:\/\/www.control2000.com.mx\/blog\/#website"},"datePublished":"2019-09-24T20:38:15+00:00","dateModified":"2019-09-24T21:01:21+00:00","author":{"@id":"https:\/\/www.control2000.com.mx\/blog\/#\/schema\/person\/48d0cea52d4d24e32f61ed8ed768b791"},"breadcrumb":{"@id":"https:\/\/www.control2000.com.mx\/blog\/se-va-a-poner-intenso-el-tema-de-la-materialidad\/#breadcrumb"},"inLanguage":"es","potentialAction":[{"@type":"ReadAction","target":["https:\/\/www.control2000.com.mx\/blog\/se-va-a-poner-intenso-el-tema-de-la-materialidad\/"]}]},{"@type":"BreadcrumbList","@id":"https:\/\/www.control2000.com.mx\/blog\/se-va-a-poner-intenso-el-tema-de-la-materialidad\/#breadcrumb","itemListElement":[{"@type":"ListItem","position":1,"name":"Portada","item":"https:\/\/www.control2000.com.mx\/blog\/"},{"@type":"ListItem","position":2,"name":"Se va a poner intenso el tema de la materialidad"}]},{"@type":"Person","@id":"https:\/\/www.control2000.com.mx\/blog\/#\/schema\/person\/48d0cea52d4d24e32f61ed8ed768b791","name":"Pen\u00e9lope Castro","sameAs":["http:\/\/www.control2000.com.mx"],"url":"https:\/\/www.control2000.com.mx\/blog\/author\/penelope-castro\/"}]}},"fimg_url":false,"_links":{"self":[{"href":"https:\/\/www.control2000.com.mx\/blog\/wp-json\/wp\/v2\/posts\/4183"}],"collection":[{"href":"https:\/\/www.control2000.com.mx\/blog\/wp-json\/wp\/v2\/posts"}],"about":[{"href":"https:\/\/www.control2000.com.mx\/blog\/wp-json\/wp\/v2\/types\/post"}],"author":[{"embeddable":true,"href":"https:\/\/www.control2000.com.mx\/blog\/wp-json\/wp\/v2\/users\/2"}],"replies":[{"embeddable":true,"href":"https:\/\/www.control2000.com.mx\/blog\/wp-json\/wp\/v2\/comments?post=4183"}],"version-history":[{"count":1,"href":"https:\/\/www.control2000.com.mx\/blog\/wp-json\/wp\/v2\/posts\/4183\/revisions"}],"predecessor-version":[{"id":4184,"href":"https:\/\/www.control2000.com.mx\/blog\/wp-json\/wp\/v2\/posts\/4183\/revisions\/4184"}],"wp:attachment":[{"href":"https:\/\/www.control2000.com.mx\/blog\/wp-json\/wp\/v2\/media?parent=4183"}],"wp:term":[{"taxonomy":"category","embeddable":true,"href":"https:\/\/www.control2000.com.mx\/blog\/wp-json\/wp\/v2\/categories?post=4183"},{"taxonomy":"post_tag","embeddable":true,"href":"https:\/\/www.control2000.com.mx\/blog\/wp-json\/wp\/v2\/tags?post=4183"}],"curies":[{"name":"wp","href":"https:\/\/api.w.org\/{rel}","templated":true}]}}