
{"id":4371,"date":"2020-03-25T02:40:00","date_gmt":"2020-03-25T07:40:00","guid":{"rendered":"https:\/\/webc2k.control2000.com.mx\/blog\/?p=4371"},"modified":"2020-03-25T02:40:00","modified_gmt":"2020-03-25T07:40:00","slug":"acuerdo-para-aplicar-medidas-de-prevencion","status":"publish","type":"post","link":"https:\/\/www.control2000.com.mx\/blog\/acuerdo-para-aplicar-medidas-de-prevencion\/","title":{"rendered":"Acuerdo para aplicar medidas de prevenci\u00f3n"},"content":{"rendered":"<p><!--more--><span style=\"font-size: 1rem;\">Se public\u00f3 un Acuerdo por el que se establecen las medidas preventivas que se deber\u00e1n implementar para la mitigaci\u00f3n y\u00a0control de los riesgos para la salud que implica la enfermedad por el virus SARS-CoV2 (COVID-19), donde por cierto se reconoce la peligrosidad de esta epidemia.<\/span><\/p>\n<p>Se suspenden temporalmente las actividades de los sectores p\u00fablico, social y privado que involucren la concentraci\u00f3n f\u00edsica, tr\u00e1nsito o desplazamiento de personas a partir de la entrada en vigor de este Acuerdo y hasta el 19 de abril del 2020.<\/p>\n<div class=\"ROMANOS\">En el sector privado continuar\u00e1n laborando las empresas, negocios, establecimientos mercantiles y todos aqu\u00e9llos que resulten necesarios para hacer frente a la contingencia, de manera enunciativa, hospitales, cl\u00ednicas, farmacias, laboratorios, servicios m\u00e9dicos, financieros, telecomunicaciones, y medios de informaci\u00f3n, servicios hoteleros y de restaurantes, gasolineras, mercados, supermercados, miscel\u00e1neas, servicios de transportes y distribuci\u00f3n de gas, siempre y cuando no correspondan a espacios cerrados con aglomeraciones.<\/div>\n<div class=\"ROMANOS\">\u00a0\u00a0\u00a0\u00a0\u00a0\u00a0\u00a0Las relaciones laborales se mantendr\u00e1n y aplicar\u00e1n conforme a los contratos individuales, colectivos, contratos ley o Condiciones Generales de Trabajo que correspondan, durante el plazo al que se refiere el presente Acuerdo y al amparo de la Ley Federal del Trabajo y la Ley Federal de los Trabajadores al Servicio del Estado reglamentaria del Apartado B del Art\u00edculo 123 Constitucional.<\/div>\n<p>Descarga el archivo<span style=\"-webkit-tap-highlight-color: rgba(0, 0, 0, 0);\">\u00a0<a href=\"https:\/\/www.dof.gob.mx\/nota_detalle.php?codigo=5590339&amp;fecha=24\/03\/2020\">aqu\u00ed<\/a>\u00a0<\/span><\/p>\n","protected":false},"excerpt":{"rendered":"","protected":false},"author":2,"featured_media":0,"comment_status":"open","ping_status":"closed","sticky":false,"template":"","format":"standard","meta":[],"categories":[41,108],"tags":[976,978,977],"yoast_head":"<!-- This site is optimized with the Yoast SEO plugin v19.1 - https:\/\/yoast.com\/wordpress\/plugins\/seo\/ -->\n<title>Acuerdo para aplicar medidas de prevenci\u00f3n - Blog 2000<\/title>\n<meta name=\"robots\" content=\"index, follow, max-snippet:-1, max-image-preview:large, max-video-preview:-1\" \/>\n<link rel=\"canonical\" href=\"https:\/\/www.control2000.com.mx\/blog\/acuerdo-para-aplicar-medidas-de-prevencion\/\" \/>\n<meta property=\"og:locale\" content=\"es_ES\" \/>\n<meta property=\"og:type\" content=\"article\" \/>\n<meta property=\"og:title\" content=\"Acuerdo para aplicar medidas de prevenci\u00f3n - Blog 2000\" \/>\n<meta property=\"og:url\" content=\"https:\/\/www.control2000.com.mx\/blog\/acuerdo-para-aplicar-medidas-de-prevencion\/\" \/>\n<meta property=\"og:site_name\" content=\"Blog 2000\" \/>\n<meta property=\"article:published_time\" content=\"2020-03-25T07:40:00+00:00\" \/>\n<meta name=\"twitter:card\" content=\"summary_large_image\" \/>\n<meta name=\"twitter:label1\" content=\"Escrito por\" \/>\n\t<meta name=\"twitter:data1\" content=\"Pen\u00e9lope Castro\" \/>\n\t<meta name=\"twitter:label2\" content=\"Tiempo de lectura\" \/>\n\t<meta name=\"twitter:data2\" content=\"1 minuto\" \/>\n<script type=\"application\/ld+json\" class=\"yoast-schema-graph\">{\"@context\":\"https:\/\/schema.org\",\"@graph\":[{\"@type\":\"WebSite\",\"@id\":\"https:\/\/www.control2000.com.mx\/blog\/#website\",\"url\":\"https:\/\/www.control2000.com.mx\/blog\/\",\"name\":\"Blog 2000\",\"description\":\"Consejos, tips y noticias, especialmente creados para ti. Somos desarrolladores de soluciones de software administrativo, contable y fiscal para las peque\u00f1as, medianas y grandes empresas en proceso de crecimiento y estabilidad.\",\"potentialAction\":[{\"@type\":\"SearchAction\",\"target\":{\"@type\":\"EntryPoint\",\"urlTemplate\":\"https:\/\/www.control2000.com.mx\/blog\/?s={search_term_string}\"},\"query-input\":\"required name=search_term_string\"}],\"inLanguage\":\"es\"},{\"@type\":\"WebPage\",\"@id\":\"https:\/\/www.control2000.com.mx\/blog\/acuerdo-para-aplicar-medidas-de-prevencion\/#webpage\",\"url\":\"https:\/\/www.control2000.com.mx\/blog\/acuerdo-para-aplicar-medidas-de-prevencion\/\",\"name\":\"Acuerdo para aplicar medidas de prevenci\u00f3n - Blog 2000\",\"isPartOf\":{\"@id\":\"https:\/\/www.control2000.com.mx\/blog\/#website\"},\"datePublished\":\"2020-03-25T07:40:00+00:00\",\"dateModified\":\"2020-03-25T07:40:00+00:00\",\"author\":{\"@id\":\"https:\/\/www.control2000.com.mx\/blog\/#\/schema\/person\/48d0cea52d4d24e32f61ed8ed768b791\"},\"breadcrumb\":{\"@id\":\"https:\/\/www.control2000.com.mx\/blog\/acuerdo-para-aplicar-medidas-de-prevencion\/#breadcrumb\"},\"inLanguage\":\"es\",\"potentialAction\":[{\"@type\":\"ReadAction\",\"target\":[\"https:\/\/www.control2000.com.mx\/blog\/acuerdo-para-aplicar-medidas-de-prevencion\/\"]}]},{\"@type\":\"BreadcrumbList\",\"@id\":\"https:\/\/www.control2000.com.mx\/blog\/acuerdo-para-aplicar-medidas-de-prevencion\/#breadcrumb\",\"itemListElement\":[{\"@type\":\"ListItem\",\"position\":1,\"name\":\"Portada\",\"item\":\"https:\/\/www.control2000.com.mx\/blog\/\"},{\"@type\":\"ListItem\",\"position\":2,\"name\":\"Acuerdo para aplicar medidas de prevenci\u00f3n\"}]},{\"@type\":\"Person\",\"@id\":\"https:\/\/www.control2000.com.mx\/blog\/#\/schema\/person\/48d0cea52d4d24e32f61ed8ed768b791\",\"name\":\"Pen\u00e9lope Castro\",\"sameAs\":[\"http:\/\/www.control2000.com.mx\"],\"url\":\"https:\/\/www.control2000.com.mx\/blog\/author\/penelope-castro\/\"}]}<\/script>\n<!-- \/ Yoast SEO plugin. -->","yoast_head_json":{"title":"Acuerdo para aplicar medidas de prevenci\u00f3n - Blog 2000","robots":{"index":"index","follow":"follow","max-snippet":"max-snippet:-1","max-image-preview":"max-image-preview:large","max-video-preview":"max-video-preview:-1"},"canonical":"https:\/\/www.control2000.com.mx\/blog\/acuerdo-para-aplicar-medidas-de-prevencion\/","og_locale":"es_ES","og_type":"article","og_title":"Acuerdo para aplicar medidas de prevenci\u00f3n - Blog 2000","og_url":"https:\/\/www.control2000.com.mx\/blog\/acuerdo-para-aplicar-medidas-de-prevencion\/","og_site_name":"Blog 2000","article_published_time":"2020-03-25T07:40:00+00:00","twitter_card":"summary_large_image","twitter_misc":{"Escrito por":"Pen\u00e9lope Castro","Tiempo de lectura":"1 minuto"},"schema":{"@context":"https:\/\/schema.org","@graph":[{"@type":"WebSite","@id":"https:\/\/www.control2000.com.mx\/blog\/#website","url":"https:\/\/www.control2000.com.mx\/blog\/","name":"Blog 2000","description":"Consejos, tips y noticias, especialmente creados para ti. Somos desarrolladores de soluciones de software administrativo, contable y fiscal para las peque\u00f1as, medianas y grandes empresas en proceso de crecimiento y estabilidad.","potentialAction":[{"@type":"SearchAction","target":{"@type":"EntryPoint","urlTemplate":"https:\/\/www.control2000.com.mx\/blog\/?s={search_term_string}"},"query-input":"required name=search_term_string"}],"inLanguage":"es"},{"@type":"WebPage","@id":"https:\/\/www.control2000.com.mx\/blog\/acuerdo-para-aplicar-medidas-de-prevencion\/#webpage","url":"https:\/\/www.control2000.com.mx\/blog\/acuerdo-para-aplicar-medidas-de-prevencion\/","name":"Acuerdo para aplicar medidas de prevenci\u00f3n - Blog 2000","isPartOf":{"@id":"https:\/\/www.control2000.com.mx\/blog\/#website"},"datePublished":"2020-03-25T07:40:00+00:00","dateModified":"2020-03-25T07:40:00+00:00","author":{"@id":"https:\/\/www.control2000.com.mx\/blog\/#\/schema\/person\/48d0cea52d4d24e32f61ed8ed768b791"},"breadcrumb":{"@id":"https:\/\/www.control2000.com.mx\/blog\/acuerdo-para-aplicar-medidas-de-prevencion\/#breadcrumb"},"inLanguage":"es","potentialAction":[{"@type":"ReadAction","target":["https:\/\/www.control2000.com.mx\/blog\/acuerdo-para-aplicar-medidas-de-prevencion\/"]}]},{"@type":"BreadcrumbList","@id":"https:\/\/www.control2000.com.mx\/blog\/acuerdo-para-aplicar-medidas-de-prevencion\/#breadcrumb","itemListElement":[{"@type":"ListItem","position":1,"name":"Portada","item":"https:\/\/www.control2000.com.mx\/blog\/"},{"@type":"ListItem","position":2,"name":"Acuerdo para aplicar medidas de prevenci\u00f3n"}]},{"@type":"Person","@id":"https:\/\/www.control2000.com.mx\/blog\/#\/schema\/person\/48d0cea52d4d24e32f61ed8ed768b791","name":"Pen\u00e9lope Castro","sameAs":["http:\/\/www.control2000.com.mx"],"url":"https:\/\/www.control2000.com.mx\/blog\/author\/penelope-castro\/"}]}},"fimg_url":false,"_links":{"self":[{"href":"https:\/\/www.control2000.com.mx\/blog\/wp-json\/wp\/v2\/posts\/4371"}],"collection":[{"href":"https:\/\/www.control2000.com.mx\/blog\/wp-json\/wp\/v2\/posts"}],"about":[{"href":"https:\/\/www.control2000.com.mx\/blog\/wp-json\/wp\/v2\/types\/post"}],"author":[{"embeddable":true,"href":"https:\/\/www.control2000.com.mx\/blog\/wp-json\/wp\/v2\/users\/2"}],"replies":[{"embeddable":true,"href":"https:\/\/www.control2000.com.mx\/blog\/wp-json\/wp\/v2\/comments?post=4371"}],"version-history":[{"count":1,"href":"https:\/\/www.control2000.com.mx\/blog\/wp-json\/wp\/v2\/posts\/4371\/revisions"}],"predecessor-version":[{"id":4372,"href":"https:\/\/www.control2000.com.mx\/blog\/wp-json\/wp\/v2\/posts\/4371\/revisions\/4372"}],"wp:attachment":[{"href":"https:\/\/www.control2000.com.mx\/blog\/wp-json\/wp\/v2\/media?parent=4371"}],"wp:term":[{"taxonomy":"category","embeddable":true,"href":"https:\/\/www.control2000.com.mx\/blog\/wp-json\/wp\/v2\/categories?post=4371"},{"taxonomy":"post_tag","embeddable":true,"href":"https:\/\/www.control2000.com.mx\/blog\/wp-json\/wp\/v2\/tags?post=4371"}],"curies":[{"name":"wp","href":"https:\/\/api.w.org\/{rel}","templated":true}]}}