
{"id":4611,"date":"2020-09-05T09:48:39","date_gmt":"2020-09-05T14:48:39","guid":{"rendered":"https:\/\/webc2k.control2000.com.mx\/blog\/?p=4611"},"modified":"2020-09-05T09:48:39","modified_gmt":"2020-09-05T14:48:39","slug":"si-la-idea-era-no-salir-de-casa","status":"publish","type":"post","link":"https:\/\/www.control2000.com.mx\/blog\/si-la-idea-era-no-salir-de-casa\/","title":{"rendered":"Si la idea era no salir de casa&#8230;"},"content":{"rendered":"<p>\u00c9poca: D\u00e9cima \u00c9poca<br \/>\nRegistro: 2022092<br \/>\nInstancia: Tribunales Colegiados de Circuito<br \/>\nTipo de Tesis: Aislada<br \/>\nFuente: Semanario Judicial de la Federaci\u00f3n<br \/>\nPublicaci\u00f3n: viernes 04 de septiembre de 2020 10:13 h<br \/>\nMateria(s): (Com\u00fan)<br \/>\nTesis: XVII.2o.10 A (10a.) <\/p>\n<p>SUSPENSI\u00d3N PROVISIONAL. PROCEDE EN CONTRA DEL CITATORIO AL CONTRIBUYENTE A LAS OFICINAS TRIBUTARIAS DE LA CIUDAD DE M\u00c9XICO PARA CONOCER LOS HECHOS Y OMISIONES DETECTADOS EN EL PROCEDIMIENTO FISCALIZADOR MIENTRAS EST\u00c9N EN VIGOR LAS MEDIDAS DE EMERGENCIA SANITARIAS POR CAUSA DE FUERZA MAYOR DEBIDO A LA EPIDEMIA GENERADA POR EL VIRUS SARS-CoV2 (COVID-19), PORQUE ES ACORDE CON EL MAYOR INTER\u00c9S P\u00daBLICO Y SOCIAL EN PROTEGER EL DERECHO A LA SALUD DE LAS PERSONAS.<\/p>\n<p>En este supuesto, la procedencia de la medida cautelar tiene como cimiento la interpretaci\u00f3n pro persona y sistem\u00e1tica de los art\u00edculos 1o., 4o., p\u00e1rrafo cuarto y 31, fracci\u00f3n IV, de la Constituci\u00f3n Pol\u00edtica de los Estados Unidos Mexicanos, 12 del Pacto Internacional de Derechos Econ\u00f3micos, Sociales y Culturales, 125, 128, 129, 138, 139 y 147 de la Ley de Amparo, del Acuerdo por el que se declara como emergencia sanitaria por causa de fuerza mayor, a la epidemia de enfermedad generada por el virus SARS-CoV2 (COVID-19), emitido por el Consejo de Salubridad General, publicado en el Diario Oficial de la Federaci\u00f3n el treinta de marzo de dos mil veinte y del Acuerdo por el que se establecen acciones extraordinarias para atender la emergencia sanitaria generada por el virus SARS-CoV2, emitido por el Secretario de Salud, publicado en el Diario Oficial de la Federaci\u00f3n el treinta y uno de marzo de dos mil veinte; acuerdos que establecieron medidas como la suspensi\u00f3n inmediata y temporal de las actividades no esenciales, el distanciamiento social y el resguardo domiciliario corresponsable. As\u00ed, en el contexto del hecho notorio, hist\u00f3rico y excepcional que atraviesa el pa\u00eds, derivado de la enfermedad pand\u00e9mica de la que dan cuenta los acuerdos indicados, la suspensi\u00f3n provisional solicitada protege la salud del quejoso ante el riesgo latente que le implica viajar a las oficinas de la Administraci\u00f3n Central de Fiscalizaci\u00f3n Estrat\u00e9gica de la Administraci\u00f3n General de Auditor\u00eda Fiscal Federal del Servicio de Administraci\u00f3n Tributaria en la Ciudad de M\u00e9xico, a fin de que se le informe en t\u00e9rminos del art\u00edculo 42, p\u00e1rrafos quinto y sexto, del C\u00f3digo Fiscal de la Federaci\u00f3n sobre los hechos u omisiones conocidos con motivo de la revisi\u00f3n de gabinete. No se soslaya que, frente a las circunstancias de derechos humanos, medidas sanitarias y contexto social f\u00e1ctico descrito, se tiene que los procedimientos de fiscalizaci\u00f3n son de orden p\u00fablico, pues derivan de las facultades de las autoridades fiscales para determinar el incumplimiento en el pago de contribuciones previstas en el C\u00f3digo Fiscal de la Federaci\u00f3n; sin embargo, a juicio de este \u00f3rgano colegiado, cuando el inter\u00e9s p\u00fablico en sustanciar los procedimientos administrativos para determinar cr\u00e9ditos fiscales, se confronta con el inter\u00e9s social de salvaguardar el derecho humano a la salud de los gobernados en sus dimensiones individual y social, en un contexto nacional de emergencia sanitaria conocida p\u00fablicamente y reconocida por las autoridades de salud, dicho inter\u00e9s p\u00fablico de naturaleza fiscal cede ante la relevancia del inter\u00e9s social en respetar, proteger y garantizar el derecho humano a la salud, de conformidad con los principios constitucionales de protecci\u00f3n de derechos humanos e interpretaci\u00f3n pro persona, previstos en los art\u00edculos 1o. y 4o. de la Constituci\u00f3n Pol\u00edtica de los Estados Unidos Mexicanos. Con ello no se contraviene, por no resultar aplicable, la jurisprudencia 2a.\/J. 84\/2009, de rubro: \u00abSUSPENSI\u00d3N EN EL JUICIO DE AMPARO. NO PROCEDE CONCEDERLA CONTRA EL EJERCICIO DE LAS FACULTADES DE COMPROBACI\u00d3N PREVISTAS EN EL ART\u00cdCULO 42 DEL C\u00d3DIGO FISCAL DE LA FEDERACI\u00d3N.\u00bb, porque la contradicci\u00f3n de tesis que decidi\u00f3 no vers\u00f3 sobre la procedencia de la suspensi\u00f3n en un contexto de contingencia de salud mundial como la que ahora prevalece, por lo que dicho criterio jurisprudencial se construy\u00f3 en circunstancias jur\u00eddicas y f\u00e1cticas diversas a las antes destacadas. Al respecto cabe resaltar que, en este caso, el ejercicio ponderativo realizado por el \u00f3rgano jurisdiccional sigue la pauta marcada en la ratio legis del \u00faltimo p\u00e1rrafo del art\u00edculo 129 de la Ley de Amparo, pues la negativa de la suspensi\u00f3n en aras del bien jur\u00eddico inmerso en el procedimiento fiscalizador, causar\u00eda una mayor afectaci\u00f3n al inter\u00e9s social en la protecci\u00f3n de los derechos humanos, porque las facultades de comprobaci\u00f3n y el inter\u00e9s p\u00fablico que les reviste, no implican un poder omn\u00edmodo en su ejercicio, sino limitado por los derechos humanos en cuya garant\u00eda y salvaguarda descansa el Estado democr\u00e1tico de derecho constitucional. Por ello, y sin que se soslaye incluso que la quejosa no es sujeto de un cr\u00e9dito ya determinado, la suspensi\u00f3n que se decreta no afecta el inter\u00e9s social y p\u00fablico, sino que es acorde con el orden constitucional y convencional vigente.<\/p>\n<p>SEGUNDO TRIBUNAL COLEGIADO DEL D\u00c9CIMO S\u00c9PTIMO CIRCUITO.<\/p>\n<p>Queja 39\/2020. Elamex, S.A. de C.V. 27 de abril de 2020. Unanimidad de votos. Ponente: Jos\u00e9 El\u00edas Gallegos Ben\u00edtez. Secretario: Ezequiel Santiago Nicol\u00e1s.<\/p>\n<p>Nota: La tesis de jurisprudencia 2a.\/J. 84\/2009 citada, aparece publicada en el Semanario Judicial de la Federaci\u00f3n y su Gaceta, Novena \u00c9poca, Tomo XXX, julio de 2009, p\u00e1gina 457, con n\u00famero de registro digital: 166779.<\/p>\n<p>Esta tesis se public\u00f3 el viernes 04 de septiembre de 2020 a las 10:13 horas en el Semanario Judicial de la Federaci\u00f3n.<\/p>\n","protected":false},"excerpt":{"rendered":"<p>\u00c9poca: D\u00e9cima \u00c9poca<br \/>\nRegistro: 2022092<br \/>\nInstancia: Tribunales Colegiados de Circuito<br \/>\nTipo de Tesis: Aislada<br \/>\nFuente: Semanario Judicial de la Federaci\u00f3n<br \/>\nPublicaci\u00f3n: viernes 04 de septiembre de 2020 10:13 h<br \/>\nMateria(s): (Com\u00fan)<br \/>\nTesis: XVII.2o.10 A (10a.)<br \/>\nSUSPENSI\u00d3N PROVISIONAL. [&#8230;]<a class=\"read-more read-more-c2k\" href=\"https:\/\/www.control2000.com.mx\/blog\/si-la-idea-era-no-salir-de-casa\/\">Continuar leyendo<\/a><\/p>\n","protected":false},"author":2,"featured_media":0,"comment_status":"open","ping_status":"closed","sticky":false,"template":"","format":"standard","meta":[],"categories":[85],"tags":[1007,1006],"yoast_head":"<!-- This site is optimized with the Yoast SEO plugin v19.1 - https:\/\/yoast.com\/wordpress\/plugins\/seo\/ -->\n<title>Si la idea era no salir de casa... - Blog 2000<\/title>\n<meta name=\"robots\" content=\"index, follow, max-snippet:-1, max-image-preview:large, max-video-preview:-1\" \/>\n<link rel=\"canonical\" href=\"https:\/\/www.control2000.com.mx\/blog\/si-la-idea-era-no-salir-de-casa\/\" \/>\n<meta property=\"og:locale\" content=\"es_ES\" \/>\n<meta property=\"og:type\" content=\"article\" \/>\n<meta property=\"og:title\" content=\"Si la idea era no salir de casa... - Blog 2000\" \/>\n<meta property=\"og:description\" content=\"\u00c9poca: D\u00e9cima \u00c9poca Registro: 2022092 Instancia: Tribunales Colegiados de Circuito Tipo de Tesis: Aislada Fuente: Semanario Judicial de la Federaci\u00f3n Publicaci\u00f3n: viernes 04 de septiembre de 2020 10:13 h Materia(s): (Com\u00fan) Tesis: XVII.2o.10 A (10a.) SUSPENSI\u00d3N PROVISIONAL. [...]Continuar leyendo\" \/>\n<meta property=\"og:url\" content=\"https:\/\/www.control2000.com.mx\/blog\/si-la-idea-era-no-salir-de-casa\/\" \/>\n<meta property=\"og:site_name\" content=\"Blog 2000\" \/>\n<meta property=\"article:published_time\" content=\"2020-09-05T14:48:39+00:00\" \/>\n<meta name=\"twitter:card\" content=\"summary_large_image\" \/>\n<meta name=\"twitter:label1\" content=\"Escrito por\" \/>\n\t<meta name=\"twitter:data1\" content=\"Pen\u00e9lope Castro\" \/>\n\t<meta name=\"twitter:label2\" content=\"Tiempo de lectura\" \/>\n\t<meta name=\"twitter:data2\" content=\"5 minutos\" \/>\n<script type=\"application\/ld+json\" class=\"yoast-schema-graph\">{\"@context\":\"https:\/\/schema.org\",\"@graph\":[{\"@type\":\"WebSite\",\"@id\":\"https:\/\/www.control2000.com.mx\/blog\/#website\",\"url\":\"https:\/\/www.control2000.com.mx\/blog\/\",\"name\":\"Blog 2000\",\"description\":\"Consejos, tips y noticias, especialmente creados para ti. Somos desarrolladores de soluciones de software administrativo, contable y fiscal para las peque\u00f1as, medianas y grandes empresas en proceso de crecimiento y estabilidad.\",\"potentialAction\":[{\"@type\":\"SearchAction\",\"target\":{\"@type\":\"EntryPoint\",\"urlTemplate\":\"https:\/\/www.control2000.com.mx\/blog\/?s={search_term_string}\"},\"query-input\":\"required name=search_term_string\"}],\"inLanguage\":\"es\"},{\"@type\":\"WebPage\",\"@id\":\"https:\/\/www.control2000.com.mx\/blog\/si-la-idea-era-no-salir-de-casa\/#webpage\",\"url\":\"https:\/\/www.control2000.com.mx\/blog\/si-la-idea-era-no-salir-de-casa\/\",\"name\":\"Si la idea era no salir de casa... - Blog 2000\",\"isPartOf\":{\"@id\":\"https:\/\/www.control2000.com.mx\/blog\/#website\"},\"datePublished\":\"2020-09-05T14:48:39+00:00\",\"dateModified\":\"2020-09-05T14:48:39+00:00\",\"author\":{\"@id\":\"https:\/\/www.control2000.com.mx\/blog\/#\/schema\/person\/48d0cea52d4d24e32f61ed8ed768b791\"},\"breadcrumb\":{\"@id\":\"https:\/\/www.control2000.com.mx\/blog\/si-la-idea-era-no-salir-de-casa\/#breadcrumb\"},\"inLanguage\":\"es\",\"potentialAction\":[{\"@type\":\"ReadAction\",\"target\":[\"https:\/\/www.control2000.com.mx\/blog\/si-la-idea-era-no-salir-de-casa\/\"]}]},{\"@type\":\"BreadcrumbList\",\"@id\":\"https:\/\/www.control2000.com.mx\/blog\/si-la-idea-era-no-salir-de-casa\/#breadcrumb\",\"itemListElement\":[{\"@type\":\"ListItem\",\"position\":1,\"name\":\"Portada\",\"item\":\"https:\/\/www.control2000.com.mx\/blog\/\"},{\"@type\":\"ListItem\",\"position\":2,\"name\":\"Si la idea era no salir de casa&#8230;\"}]},{\"@type\":\"Person\",\"@id\":\"https:\/\/www.control2000.com.mx\/blog\/#\/schema\/person\/48d0cea52d4d24e32f61ed8ed768b791\",\"name\":\"Pen\u00e9lope Castro\",\"sameAs\":[\"http:\/\/www.control2000.com.mx\"],\"url\":\"https:\/\/www.control2000.com.mx\/blog\/author\/penelope-castro\/\"}]}<\/script>\n<!-- \/ Yoast SEO plugin. -->","yoast_head_json":{"title":"Si la idea era no salir de casa... - Blog 2000","robots":{"index":"index","follow":"follow","max-snippet":"max-snippet:-1","max-image-preview":"max-image-preview:large","max-video-preview":"max-video-preview:-1"},"canonical":"https:\/\/www.control2000.com.mx\/blog\/si-la-idea-era-no-salir-de-casa\/","og_locale":"es_ES","og_type":"article","og_title":"Si la idea era no salir de casa... - Blog 2000","og_description":"\u00c9poca: D\u00e9cima \u00c9poca Registro: 2022092 Instancia: Tribunales Colegiados de Circuito Tipo de Tesis: Aislada Fuente: Semanario Judicial de la Federaci\u00f3n Publicaci\u00f3n: viernes 04 de septiembre de 2020 10:13 h Materia(s): (Com\u00fan) Tesis: XVII.2o.10 A (10a.) SUSPENSI\u00d3N PROVISIONAL. [...]Continuar leyendo","og_url":"https:\/\/www.control2000.com.mx\/blog\/si-la-idea-era-no-salir-de-casa\/","og_site_name":"Blog 2000","article_published_time":"2020-09-05T14:48:39+00:00","twitter_card":"summary_large_image","twitter_misc":{"Escrito por":"Pen\u00e9lope Castro","Tiempo de lectura":"5 minutos"},"schema":{"@context":"https:\/\/schema.org","@graph":[{"@type":"WebSite","@id":"https:\/\/www.control2000.com.mx\/blog\/#website","url":"https:\/\/www.control2000.com.mx\/blog\/","name":"Blog 2000","description":"Consejos, tips y noticias, especialmente creados para ti. Somos desarrolladores de soluciones de software administrativo, contable y fiscal para las peque\u00f1as, medianas y grandes empresas en proceso de crecimiento y estabilidad.","potentialAction":[{"@type":"SearchAction","target":{"@type":"EntryPoint","urlTemplate":"https:\/\/www.control2000.com.mx\/blog\/?s={search_term_string}"},"query-input":"required name=search_term_string"}],"inLanguage":"es"},{"@type":"WebPage","@id":"https:\/\/www.control2000.com.mx\/blog\/si-la-idea-era-no-salir-de-casa\/#webpage","url":"https:\/\/www.control2000.com.mx\/blog\/si-la-idea-era-no-salir-de-casa\/","name":"Si la idea era no salir de casa... - Blog 2000","isPartOf":{"@id":"https:\/\/www.control2000.com.mx\/blog\/#website"},"datePublished":"2020-09-05T14:48:39+00:00","dateModified":"2020-09-05T14:48:39+00:00","author":{"@id":"https:\/\/www.control2000.com.mx\/blog\/#\/schema\/person\/48d0cea52d4d24e32f61ed8ed768b791"},"breadcrumb":{"@id":"https:\/\/www.control2000.com.mx\/blog\/si-la-idea-era-no-salir-de-casa\/#breadcrumb"},"inLanguage":"es","potentialAction":[{"@type":"ReadAction","target":["https:\/\/www.control2000.com.mx\/blog\/si-la-idea-era-no-salir-de-casa\/"]}]},{"@type":"BreadcrumbList","@id":"https:\/\/www.control2000.com.mx\/blog\/si-la-idea-era-no-salir-de-casa\/#breadcrumb","itemListElement":[{"@type":"ListItem","position":1,"name":"Portada","item":"https:\/\/www.control2000.com.mx\/blog\/"},{"@type":"ListItem","position":2,"name":"Si la idea era no salir de casa&#8230;"}]},{"@type":"Person","@id":"https:\/\/www.control2000.com.mx\/blog\/#\/schema\/person\/48d0cea52d4d24e32f61ed8ed768b791","name":"Pen\u00e9lope Castro","sameAs":["http:\/\/www.control2000.com.mx"],"url":"https:\/\/www.control2000.com.mx\/blog\/author\/penelope-castro\/"}]}},"fimg_url":false,"_links":{"self":[{"href":"https:\/\/www.control2000.com.mx\/blog\/wp-json\/wp\/v2\/posts\/4611"}],"collection":[{"href":"https:\/\/www.control2000.com.mx\/blog\/wp-json\/wp\/v2\/posts"}],"about":[{"href":"https:\/\/www.control2000.com.mx\/blog\/wp-json\/wp\/v2\/types\/post"}],"author":[{"embeddable":true,"href":"https:\/\/www.control2000.com.mx\/blog\/wp-json\/wp\/v2\/users\/2"}],"replies":[{"embeddable":true,"href":"https:\/\/www.control2000.com.mx\/blog\/wp-json\/wp\/v2\/comments?post=4611"}],"version-history":[{"count":1,"href":"https:\/\/www.control2000.com.mx\/blog\/wp-json\/wp\/v2\/posts\/4611\/revisions"}],"predecessor-version":[{"id":4612,"href":"https:\/\/www.control2000.com.mx\/blog\/wp-json\/wp\/v2\/posts\/4611\/revisions\/4612"}],"wp:attachment":[{"href":"https:\/\/www.control2000.com.mx\/blog\/wp-json\/wp\/v2\/media?parent=4611"}],"wp:term":[{"taxonomy":"category","embeddable":true,"href":"https:\/\/www.control2000.com.mx\/blog\/wp-json\/wp\/v2\/categories?post=4611"},{"taxonomy":"post_tag","embeddable":true,"href":"https:\/\/www.control2000.com.mx\/blog\/wp-json\/wp\/v2\/tags?post=4611"}],"curies":[{"name":"wp","href":"https:\/\/api.w.org\/{rel}","templated":true}]}}