
{"id":6295,"date":"2022-09-12T01:42:28","date_gmt":"2022-09-12T06:42:28","guid":{"rendered":"https:\/\/www.control2000.com.mx\/blog\/?p=6295"},"modified":"2022-09-14T12:58:18","modified_gmt":"2022-09-14T17:58:18","slug":"sin-cambios-fiscales-para-el-2023","status":"publish","type":"post","link":"https:\/\/www.control2000.com.mx\/blog\/sin-cambios-fiscales-para-el-2023\/","title":{"rendered":"Sin cambios fiscales para el 2023"},"content":{"rendered":"\n<p>No s\u00e9 si al final los cambios se van a incluir en la Resoluci\u00f3n Miscel\u00e1nea o a trav\u00e9s de Decretos. Pero, lo que s\u00ed es un hecho es que nuestro dolor de cabeza ser\u00e1 el comprobante fiscal en sus distintas modalidades.<\/p>\n\n\n\n<p>La <a href=\"http:\/\/gaceta.diputados.gob.mx\/Gaceta\/65\/2022\/sep\/pef2023.html\" target=\"_blank\" rel=\"noreferrer noopener\">reciente propuesta<\/a> del <strong>Paquete Econ\u00f3mico 2023<\/strong>, asegura la disponibilidad de recursos que garantizan el acceso a programas sociales en su car\u00e1cter de derecho constitucional, como el de la pensi\u00f3n a adultos mayores. Asimismo, para potenciar el desarrollo, <strong>se establece un nivel de inversi\u00f3n f\u00edsica de 3.6% del PIB<\/strong>, que incluye el gasto en infraestructura.<\/p>\n\n\n\n<p>Del mismo modo, no se contemplan aumentos ni la creaci\u00f3n de nuevos impuestos; \u00fanicamente se ajustan por inflaci\u00f3n, por lo que la \u00fanica ley enviada es la de Ingresos.<\/p>\n\n\n\n<p>Te recomiendo leer: <a href=\"https:\/\/www.control2000.com.mx\/blog\/que-significa-eso-de-que-hasta-el-tiempo-que-sea-necesario\/\" target=\"_blank\" rel=\"noreferrer noopener\">\u00bfQu\u00e9 significa eso de, hasta el tiempo que sea necesario? <\/a><\/p>\n","protected":false},"excerpt":{"rendered":"<p>No s\u00e9 si al final los cambios se van a incluir en la Resoluci\u00f3n Miscel\u00e1nea o a trav\u00e9s de Decretos. Pero, lo que s\u00ed es un hecho es que nuestro dolor de cabeza ser\u00e1 el comprobante fiscal en sus distintas modalidades. [&#8230;]<a class=\"read-more read-more-c2k\" href=\"https:\/\/www.control2000.com.mx\/blog\/sin-cambios-fiscales-para-el-2023\/\">Continuar leyendo<\/a><\/p>\n","protected":false},"author":2,"featured_media":6313,"comment_status":"open","ping_status":"closed","sticky":false,"template":"","format":"standard","meta":[],"categories":[1050],"tags":[257,654],"yoast_head":"<!-- This site is optimized with the Yoast SEO plugin v19.1 - https:\/\/yoast.com\/wordpress\/plugins\/seo\/ -->\n<title>Sin cambios fiscales para el 2023 - Blog 2000<\/title>\n<meta name=\"description\" content=\"Se entreg\u00f3 el paquete econ\u00f3mico 2023. Surgen preguntas sobre si ser\u00e1 suficiente para todos los programas sociales a pesar de la inflaci\u00f3n\" \/>\n<meta name=\"robots\" content=\"index, follow, max-snippet:-1, max-image-preview:large, max-video-preview:-1\" \/>\n<link rel=\"canonical\" href=\"https:\/\/www.control2000.com.mx\/blog\/sin-cambios-fiscales-para-el-2023\/\" \/>\n<meta property=\"og:locale\" content=\"es_ES\" \/>\n<meta property=\"og:type\" content=\"article\" \/>\n<meta property=\"og:title\" content=\"Sin cambios fiscales para el 2023 - Blog 2000\" \/>\n<meta property=\"og:description\" content=\"Se entreg\u00f3 el paquete econ\u00f3mico 2023. Surgen preguntas sobre si ser\u00e1 suficiente para todos los programas sociales a pesar de la inflaci\u00f3n\" \/>\n<meta property=\"og:url\" content=\"https:\/\/www.control2000.com.mx\/blog\/sin-cambios-fiscales-para-el-2023\/\" \/>\n<meta property=\"og:site_name\" content=\"Blog 2000\" \/>\n<meta property=\"article:published_time\" content=\"2022-09-12T06:42:28+00:00\" \/>\n<meta property=\"article:modified_time\" content=\"2022-09-14T17:58:18+00:00\" \/>\n<meta property=\"og:image\" content=\"https:\/\/www.control2000.com.mx\/blog\/wp-content\/uploads\/Sin_reformas_2023-630-202209.png\" \/>\n\t<meta property=\"og:image:width\" content=\"1200\" \/>\n\t<meta property=\"og:image:height\" content=\"630\" \/>\n\t<meta property=\"og:image:type\" content=\"image\/png\" \/>\n<meta name=\"twitter:card\" content=\"summary_large_image\" \/>\n<meta name=\"twitter:label1\" content=\"Escrito por\" \/>\n\t<meta name=\"twitter:data1\" content=\"Pen\u00e9lope Castro\" \/>\n\t<meta name=\"twitter:label2\" content=\"Tiempo de lectura\" \/>\n\t<meta name=\"twitter:data2\" content=\"1 minuto\" \/>\n<script type=\"application\/ld+json\" class=\"yoast-schema-graph\">{\"@context\":\"https:\/\/schema.org\",\"@graph\":[{\"@type\":\"WebSite\",\"@id\":\"https:\/\/www.control2000.com.mx\/blog\/#website\",\"url\":\"https:\/\/www.control2000.com.mx\/blog\/\",\"name\":\"Blog 2000\",\"description\":\"Consejos, tips y noticias, especialmente creados para ti. Somos desarrolladores de soluciones de software administrativo, contable y fiscal para las peque\u00f1as, medianas y grandes empresas en proceso de crecimiento y estabilidad.\",\"potentialAction\":[{\"@type\":\"SearchAction\",\"target\":{\"@type\":\"EntryPoint\",\"urlTemplate\":\"https:\/\/www.control2000.com.mx\/blog\/?s={search_term_string}\"},\"query-input\":\"required name=search_term_string\"}],\"inLanguage\":\"es\"},{\"@type\":\"ImageObject\",\"inLanguage\":\"es\",\"@id\":\"https:\/\/www.control2000.com.mx\/blog\/sin-cambios-fiscales-para-el-2023\/#primaryimage\",\"url\":\"https:\/\/www.control2000.com.mx\/blog\/wp-content\/uploads\/Sin_reformas_2023-630-202209.png\",\"contentUrl\":\"https:\/\/www.control2000.com.mx\/blog\/wp-content\/uploads\/Sin_reformas_2023-630-202209.png\",\"width\":1200,\"height\":630},{\"@type\":\"WebPage\",\"@id\":\"https:\/\/www.control2000.com.mx\/blog\/sin-cambios-fiscales-para-el-2023\/#webpage\",\"url\":\"https:\/\/www.control2000.com.mx\/blog\/sin-cambios-fiscales-para-el-2023\/\",\"name\":\"Sin cambios fiscales para el 2023 - Blog 2000\",\"isPartOf\":{\"@id\":\"https:\/\/www.control2000.com.mx\/blog\/#website\"},\"primaryImageOfPage\":{\"@id\":\"https:\/\/www.control2000.com.mx\/blog\/sin-cambios-fiscales-para-el-2023\/#primaryimage\"},\"datePublished\":\"2022-09-12T06:42:28+00:00\",\"dateModified\":\"2022-09-14T17:58:18+00:00\",\"author\":{\"@id\":\"https:\/\/www.control2000.com.mx\/blog\/#\/schema\/person\/48d0cea52d4d24e32f61ed8ed768b791\"},\"description\":\"Se entreg\u00f3 el paquete econ\u00f3mico 2023. Surgen preguntas sobre si ser\u00e1 suficiente para todos los programas sociales a pesar de la inflaci\u00f3n\",\"breadcrumb\":{\"@id\":\"https:\/\/www.control2000.com.mx\/blog\/sin-cambios-fiscales-para-el-2023\/#breadcrumb\"},\"inLanguage\":\"es\",\"potentialAction\":[{\"@type\":\"ReadAction\",\"target\":[\"https:\/\/www.control2000.com.mx\/blog\/sin-cambios-fiscales-para-el-2023\/\"]}]},{\"@type\":\"BreadcrumbList\",\"@id\":\"https:\/\/www.control2000.com.mx\/blog\/sin-cambios-fiscales-para-el-2023\/#breadcrumb\",\"itemListElement\":[{\"@type\":\"ListItem\",\"position\":1,\"name\":\"Portada\",\"item\":\"https:\/\/www.control2000.com.mx\/blog\/\"},{\"@type\":\"ListItem\",\"position\":2,\"name\":\"Sin cambios fiscales para el 2023\"}]},{\"@type\":\"Person\",\"@id\":\"https:\/\/www.control2000.com.mx\/blog\/#\/schema\/person\/48d0cea52d4d24e32f61ed8ed768b791\",\"name\":\"Pen\u00e9lope Castro\",\"sameAs\":[\"http:\/\/www.control2000.com.mx\"],\"url\":\"https:\/\/www.control2000.com.mx\/blog\/author\/penelope-castro\/\"}]}<\/script>\n<!-- \/ Yoast SEO plugin. -->","yoast_head_json":{"title":"Sin cambios fiscales para el 2023 - Blog 2000","description":"Se entreg\u00f3 el paquete econ\u00f3mico 2023. Surgen preguntas sobre si ser\u00e1 suficiente para todos los programas sociales a pesar de la inflaci\u00f3n","robots":{"index":"index","follow":"follow","max-snippet":"max-snippet:-1","max-image-preview":"max-image-preview:large","max-video-preview":"max-video-preview:-1"},"canonical":"https:\/\/www.control2000.com.mx\/blog\/sin-cambios-fiscales-para-el-2023\/","og_locale":"es_ES","og_type":"article","og_title":"Sin cambios fiscales para el 2023 - Blog 2000","og_description":"Se entreg\u00f3 el paquete econ\u00f3mico 2023. Surgen preguntas sobre si ser\u00e1 suficiente para todos los programas sociales a pesar de la inflaci\u00f3n","og_url":"https:\/\/www.control2000.com.mx\/blog\/sin-cambios-fiscales-para-el-2023\/","og_site_name":"Blog 2000","article_published_time":"2022-09-12T06:42:28+00:00","article_modified_time":"2022-09-14T17:58:18+00:00","og_image":[{"width":1200,"height":630,"url":"https:\/\/www.control2000.com.mx\/blog\/wp-content\/uploads\/Sin_reformas_2023-630-202209.png","type":"image\/png"}],"twitter_card":"summary_large_image","twitter_misc":{"Escrito por":"Pen\u00e9lope Castro","Tiempo de lectura":"1 minuto"},"schema":{"@context":"https:\/\/schema.org","@graph":[{"@type":"WebSite","@id":"https:\/\/www.control2000.com.mx\/blog\/#website","url":"https:\/\/www.control2000.com.mx\/blog\/","name":"Blog 2000","description":"Consejos, tips y noticias, especialmente creados para ti. Somos desarrolladores de soluciones de software administrativo, contable y fiscal para las peque\u00f1as, medianas y grandes empresas en proceso de crecimiento y estabilidad.","potentialAction":[{"@type":"SearchAction","target":{"@type":"EntryPoint","urlTemplate":"https:\/\/www.control2000.com.mx\/blog\/?s={search_term_string}"},"query-input":"required name=search_term_string"}],"inLanguage":"es"},{"@type":"ImageObject","inLanguage":"es","@id":"https:\/\/www.control2000.com.mx\/blog\/sin-cambios-fiscales-para-el-2023\/#primaryimage","url":"https:\/\/www.control2000.com.mx\/blog\/wp-content\/uploads\/Sin_reformas_2023-630-202209.png","contentUrl":"https:\/\/www.control2000.com.mx\/blog\/wp-content\/uploads\/Sin_reformas_2023-630-202209.png","width":1200,"height":630},{"@type":"WebPage","@id":"https:\/\/www.control2000.com.mx\/blog\/sin-cambios-fiscales-para-el-2023\/#webpage","url":"https:\/\/www.control2000.com.mx\/blog\/sin-cambios-fiscales-para-el-2023\/","name":"Sin cambios fiscales para el 2023 - Blog 2000","isPartOf":{"@id":"https:\/\/www.control2000.com.mx\/blog\/#website"},"primaryImageOfPage":{"@id":"https:\/\/www.control2000.com.mx\/blog\/sin-cambios-fiscales-para-el-2023\/#primaryimage"},"datePublished":"2022-09-12T06:42:28+00:00","dateModified":"2022-09-14T17:58:18+00:00","author":{"@id":"https:\/\/www.control2000.com.mx\/blog\/#\/schema\/person\/48d0cea52d4d24e32f61ed8ed768b791"},"description":"Se entreg\u00f3 el paquete econ\u00f3mico 2023. Surgen preguntas sobre si ser\u00e1 suficiente para todos los programas sociales a pesar de la inflaci\u00f3n","breadcrumb":{"@id":"https:\/\/www.control2000.com.mx\/blog\/sin-cambios-fiscales-para-el-2023\/#breadcrumb"},"inLanguage":"es","potentialAction":[{"@type":"ReadAction","target":["https:\/\/www.control2000.com.mx\/blog\/sin-cambios-fiscales-para-el-2023\/"]}]},{"@type":"BreadcrumbList","@id":"https:\/\/www.control2000.com.mx\/blog\/sin-cambios-fiscales-para-el-2023\/#breadcrumb","itemListElement":[{"@type":"ListItem","position":1,"name":"Portada","item":"https:\/\/www.control2000.com.mx\/blog\/"},{"@type":"ListItem","position":2,"name":"Sin cambios fiscales para el 2023"}]},{"@type":"Person","@id":"https:\/\/www.control2000.com.mx\/blog\/#\/schema\/person\/48d0cea52d4d24e32f61ed8ed768b791","name":"Pen\u00e9lope Castro","sameAs":["http:\/\/www.control2000.com.mx"],"url":"https:\/\/www.control2000.com.mx\/blog\/author\/penelope-castro\/"}]}},"fimg_url":"https:\/\/www.control2000.com.mx\/blog\/wp-content\/uploads\/Sin_reformas_2023-630-202209.png","_links":{"self":[{"href":"https:\/\/www.control2000.com.mx\/blog\/wp-json\/wp\/v2\/posts\/6295"}],"collection":[{"href":"https:\/\/www.control2000.com.mx\/blog\/wp-json\/wp\/v2\/posts"}],"about":[{"href":"https:\/\/www.control2000.com.mx\/blog\/wp-json\/wp\/v2\/types\/post"}],"author":[{"embeddable":true,"href":"https:\/\/www.control2000.com.mx\/blog\/wp-json\/wp\/v2\/users\/2"}],"replies":[{"embeddable":true,"href":"https:\/\/www.control2000.com.mx\/blog\/wp-json\/wp\/v2\/comments?post=6295"}],"version-history":[{"count":5,"href":"https:\/\/www.control2000.com.mx\/blog\/wp-json\/wp\/v2\/posts\/6295\/revisions"}],"predecessor-version":[{"id":6305,"href":"https:\/\/www.control2000.com.mx\/blog\/wp-json\/wp\/v2\/posts\/6295\/revisions\/6305"}],"wp:featuredmedia":[{"embeddable":true,"href":"https:\/\/www.control2000.com.mx\/blog\/wp-json\/wp\/v2\/media\/6313"}],"wp:attachment":[{"href":"https:\/\/www.control2000.com.mx\/blog\/wp-json\/wp\/v2\/media?parent=6295"}],"wp:term":[{"taxonomy":"category","embeddable":true,"href":"https:\/\/www.control2000.com.mx\/blog\/wp-json\/wp\/v2\/categories?post=6295"},{"taxonomy":"post_tag","embeddable":true,"href":"https:\/\/www.control2000.com.mx\/blog\/wp-json\/wp\/v2\/tags?post=6295"}],"curies":[{"name":"wp","href":"https:\/\/api.w.org\/{rel}","templated":true}]}}