
{"id":6664,"date":"2022-12-20T10:59:46","date_gmt":"2022-12-20T15:59:46","guid":{"rendered":"https:\/\/www.control2000.com.mx\/blog\/?p=6664"},"modified":"2022-12-20T10:59:49","modified_gmt":"2022-12-20T15:59:49","slug":"que-es-la-prima-vacacional","status":"publish","type":"post","link":"https:\/\/www.control2000.com.mx\/blog\/que-es-la-prima-vacacional\/","title":{"rendered":"\u00bfQu\u00e9 es la prima vacacional?"},"content":{"rendered":"\n<p>Vivimos en un mundo donde el estr\u00e9s laboral se ha convertido en una enfermedad reconocida por la OMS. Hablar de vacaciones suena muy bien, ya que es una manera en que los trabajadores pueden despejarse de las situaciones estresantes que suceden a diario.<\/p>\n\n\n\n<p>Cuando los empleados soliciten vacaciones, se debe ajustar la prima vacacional de acuerdo con los d\u00edas de vacaciones de cada trabajador. Con la nueva<strong> reforma de Vacaciones dignas<\/strong>, te decimos c\u00f3mo puedes calcularla y cu\u00e1ntos d\u00edas de vacaciones corresponden de acuerdo a los a\u00f1os de antig\u00fcedad.<\/p>\n\n\n\n<h2><strong>\u00bfCu\u00e1ntos d\u00edas de vacaciones corresponden en M\u00e9xico?<\/strong><\/h2>\n\n\n\n<p><strong>El promedio de horas trabajadas en M\u00e9xico al a\u00f1o es de 2 mil 124 horas <\/strong>(OCDE). Si lo comparamos con los dem\u00e1s pa\u00edses que forman parte de la OCDE, estamos en los primeros lugares que m\u00e1s horas laboran.<\/p>\n\n\n\n<p>Uno de los temas m\u00e1s frecuentes en estas fechas son las vacaciones y no es de esperarse que haya una gran cantidad de trabajadores que las soliciten.&nbsp;<\/p>\n\n\n\n<p>La nueva reforma de vacaciones dio mucho de qu\u00e9 hablar durante estos \u00faltimos meses, ya que no se hab\u00eda hecho ninguna modificaci\u00f3n al art\u00edculo 76 de la LFT desde abril de 1970. <strong>\u00a1Tuvo que transcurrir casi 53 a\u00f1os para que hubieran nuevos cambios!<\/strong><\/p>\n\n\n\n<p>A partir del 2023, el trabajador que haya cumplido un a\u00f1o de antig\u00fcedad en su empleo, tendr\u00e1 derecho a recibir<strong> 12 d\u00edas de descanso con goce de sueldo.<\/strong><\/p>\n\n\n\n<p>Para que te des una idea, te dejamos la siguiente tabla que te servir\u00e1 de gu\u00eda:<\/p>\n\n\n<div class=\"wp-block-image\">\n<figure class=\"aligncenter size-large is-resized\"><img decoding=\"async\" loading=\"lazy\" src=\"https:\/\/www.control2000.com.mx\/blog\/wp-content\/uploads\/Plantilla-grafico-de-datos.pptx-1-1024x1024.png\" alt=\"\" class=\"wp-image-6679\" width=\"507\" height=\"507\" srcset=\"https:\/\/www.control2000.com.mx\/blog\/wp-content\/uploads\/Plantilla-grafico-de-datos.pptx-1-1024x1024.png 1024w, https:\/\/www.control2000.com.mx\/blog\/wp-content\/uploads\/Plantilla-grafico-de-datos.pptx-1-300x300.png 300w, https:\/\/www.control2000.com.mx\/blog\/wp-content\/uploads\/Plantilla-grafico-de-datos.pptx-1-150x150.png 150w, https:\/\/www.control2000.com.mx\/blog\/wp-content\/uploads\/Plantilla-grafico-de-datos.pptx-1-768x768.png 768w, https:\/\/www.control2000.com.mx\/blog\/wp-content\/uploads\/Plantilla-grafico-de-datos.pptx-1-1536x1536.png 1536w, https:\/\/www.control2000.com.mx\/blog\/wp-content\/uploads\/Plantilla-grafico-de-datos.pptx-1-1200x1200.png 1200w, https:\/\/www.control2000.com.mx\/blog\/wp-content\/uploads\/Plantilla-grafico-de-datos.pptx-1-120x120.png 120w, https:\/\/www.control2000.com.mx\/blog\/wp-content\/uploads\/Plantilla-grafico-de-datos.pptx-1.png 1600w\" sizes=\"(max-width: 507px) 100vw, 507px\" \/><\/figure><\/div>\n\n\n<h2><strong>\u00bfC\u00f3mo calcular la prima vacacional?<\/strong><\/h2>\n\n\n\n<p>Las vacaciones gozadas van acompa\u00f1adas de la prima vacacional, el cual, es un pago adicional para el disfrute de los d\u00edas de descanso.&nbsp; En algunos casos, la entrega de la prima vacacional se da cuando el trabajador cumple un a\u00f1o m\u00e1s dentro de la empresa pero tambi\u00e9n se puede pagar en otro periodo.<\/p>\n\n\n\n<p>Todos los trabajadores que hayan cumplido un a\u00f1o dentro del sitio donde laboran tienen derecho a la prima vacacional.&nbsp;<\/p>\n\n\n\n<p>La prima vacacional la puedes calcular de la siguiente manera:<\/p>\n\n\n<div class=\"wp-block-image\">\n<figure class=\"aligncenter size-large is-resized\"><img decoding=\"async\" loading=\"lazy\" src=\"https:\/\/www.control2000.com.mx\/blog\/wp-content\/uploads\/Plantilla-grafico-de-datos.pptx-1024x1024.png\" alt=\"\" class=\"wp-image-6665\" width=\"338\" height=\"338\" srcset=\"https:\/\/www.control2000.com.mx\/blog\/wp-content\/uploads\/Plantilla-grafico-de-datos.pptx-1024x1024.png 1024w, https:\/\/www.control2000.com.mx\/blog\/wp-content\/uploads\/Plantilla-grafico-de-datos.pptx-300x300.png 300w, https:\/\/www.control2000.com.mx\/blog\/wp-content\/uploads\/Plantilla-grafico-de-datos.pptx-150x150.png 150w, https:\/\/www.control2000.com.mx\/blog\/wp-content\/uploads\/Plantilla-grafico-de-datos.pptx-768x768.png 768w, https:\/\/www.control2000.com.mx\/blog\/wp-content\/uploads\/Plantilla-grafico-de-datos.pptx-1536x1536.png 1536w, https:\/\/www.control2000.com.mx\/blog\/wp-content\/uploads\/Plantilla-grafico-de-datos.pptx-1200x1200.png 1200w, https:\/\/www.control2000.com.mx\/blog\/wp-content\/uploads\/Plantilla-grafico-de-datos.pptx-120x120.png 120w, https:\/\/www.control2000.com.mx\/blog\/wp-content\/uploads\/Plantilla-grafico-de-datos.pptx.png 1600w\" sizes=\"(max-width: 338px) 100vw, 338px\" \/><figcaption class=\"wp-element-caption\">C\u00e1lculo para la prima vacacional en M\u00e9xico.<\/figcaption><\/figure><\/div>\n\n\n<p>Puede parecer una operaci\u00f3n sencilla, pero para aplicarla a cada empleado y modificarla a\u00f1o tras a\u00f1o, resulta en un trabajo que llevar\u00e1 mucho tiempo y m\u00e1s si se aproximan las fechas festivas.&nbsp;<\/p>\n\n\n\n<p>Que las vacaciones no sean abrumadoras si eres qui\u00e9n est\u00e1 detr\u00e1s de la n\u00f3mina de los trabajadores, considera el apoyo que el sistema <strong><a href=\"https:\/\/www.control2000.com.mx\/productos\/nomina.php\" target=\"_blank\" rel=\"noreferrer noopener\">N\u00f3mina C2K<\/a> <\/strong>te ofrece para<strong> configurar y hacer los c\u00e1lculos de la prima vacacional y las vacaciones gozadas.<\/strong>&nbsp;<\/p>\n\n\n\n<p>Aunado a lo anterior, <strong>puedes configurar cu\u00e1ndo programar el pago de la prima vacacional de los trabajadores o fuera del periodo.<\/strong>&nbsp;Para concluir en este tema que es disfrutable para cualquiera que desee pasar tiempo fuera de la rutina, te invito a conocer m\u00e1s funciones de nuestro sistema en la siguiente nota: <a href=\"https:\/\/www.control2000.com.mx\/blog\/no-sabes-como-configurar-tu-empresa-a-la-4-0\/\" target=\"_blank\" rel=\"noreferrer noopener\">\u00bfNo sabes c\u00f3mo configurar tu empresa a la 4.0? <\/a><\/p>\n","protected":false},"excerpt":{"rendered":"<p>Vivimos en un mundo donde el estr\u00e9s laboral se ha convertido en una enfermedad reconocida por la OMS. Hablar de vacaciones suena muy bien, ya que es una manera en que los trabajadores pueden despejarse de las situaciones estresantes que suceden a diario. [&#8230;]<a class=\"read-more read-more-c2k\" href=\"https:\/\/www.control2000.com.mx\/blog\/que-es-la-prima-vacacional\/\">Continuar leyendo<\/a><\/p>\n","protected":false},"author":135,"featured_media":6684,"comment_status":"open","ping_status":"closed","sticky":false,"template":"","format":"standard","meta":[],"categories":[1053],"tags":[],"yoast_head":"<!-- This site is optimized with the Yoast SEO plugin v19.1 - https:\/\/yoast.com\/wordpress\/plugins\/seo\/ -->\n<title>\u00bfQu\u00e9 es la prima vacacional? - Blog 2000<\/title>\n<meta name=\"description\" content=\"Con la nueva reforma de vacaciones, las empresas tendr\u00e1n que hacer cambios en la prima vacacional. Te decimos c\u00f3mo puedes calcularla.\" \/>\n<meta name=\"robots\" content=\"index, follow, max-snippet:-1, max-image-preview:large, max-video-preview:-1\" \/>\n<link rel=\"canonical\" href=\"https:\/\/www.control2000.com.mx\/blog\/que-es-la-prima-vacacional\/\" \/>\n<meta property=\"og:locale\" content=\"es_ES\" \/>\n<meta property=\"og:type\" content=\"article\" \/>\n<meta property=\"og:title\" content=\"\u00bfQu\u00e9 es la prima vacacional? - Blog 2000\" \/>\n<meta property=\"og:description\" content=\"Con la nueva reforma de vacaciones, las empresas tendr\u00e1n que hacer cambios en la prima vacacional. Te decimos c\u00f3mo puedes calcularla.\" \/>\n<meta property=\"og:url\" content=\"https:\/\/www.control2000.com.mx\/blog\/que-es-la-prima-vacacional\/\" \/>\n<meta property=\"og:site_name\" content=\"Blog 2000\" \/>\n<meta property=\"article:published_time\" content=\"2022-12-20T15:59:46+00:00\" \/>\n<meta property=\"article:modified_time\" content=\"2022-12-20T15:59:49+00:00\" \/>\n<meta property=\"og:image\" content=\"https:\/\/www.control2000.com.mx\/blog\/wp-content\/uploads\/Ajustes_Prima_vacacional-630-202212.png\" \/>\n\t<meta property=\"og:image:width\" content=\"1200\" \/>\n\t<meta property=\"og:image:height\" content=\"630\" \/>\n\t<meta property=\"og:image:type\" content=\"image\/png\" \/>\n<meta name=\"twitter:card\" content=\"summary_large_image\" \/>\n<meta name=\"twitter:label1\" content=\"Escrito por\" \/>\n\t<meta name=\"twitter:data1\" content=\"Andrea Montserrat Salvador P\u00e9rez\" \/>\n\t<meta name=\"twitter:label2\" content=\"Tiempo de lectura\" \/>\n\t<meta name=\"twitter:data2\" content=\"3 minutos\" \/>\n<script type=\"application\/ld+json\" class=\"yoast-schema-graph\">{\"@context\":\"https:\/\/schema.org\",\"@graph\":[{\"@type\":\"WebSite\",\"@id\":\"https:\/\/www.control2000.com.mx\/blog\/#website\",\"url\":\"https:\/\/www.control2000.com.mx\/blog\/\",\"name\":\"Blog 2000\",\"description\":\"Consejos, tips y noticias, especialmente creados para ti. Somos desarrolladores de soluciones de software administrativo, contable y fiscal para las peque\u00f1as, medianas y grandes empresas en proceso de crecimiento y estabilidad.\",\"potentialAction\":[{\"@type\":\"SearchAction\",\"target\":{\"@type\":\"EntryPoint\",\"urlTemplate\":\"https:\/\/www.control2000.com.mx\/blog\/?s={search_term_string}\"},\"query-input\":\"required name=search_term_string\"}],\"inLanguage\":\"es\"},{\"@type\":\"ImageObject\",\"inLanguage\":\"es\",\"@id\":\"https:\/\/www.control2000.com.mx\/blog\/que-es-la-prima-vacacional\/#primaryimage\",\"url\":\"https:\/\/www.control2000.com.mx\/blog\/wp-content\/uploads\/Ajustes_Prima_vacacional-630-202212.png\",\"contentUrl\":\"https:\/\/www.control2000.com.mx\/blog\/wp-content\/uploads\/Ajustes_Prima_vacacional-630-202212.png\",\"width\":1200,\"height\":630},{\"@type\":\"WebPage\",\"@id\":\"https:\/\/www.control2000.com.mx\/blog\/que-es-la-prima-vacacional\/#webpage\",\"url\":\"https:\/\/www.control2000.com.mx\/blog\/que-es-la-prima-vacacional\/\",\"name\":\"\u00bfQu\u00e9 es la prima vacacional? - Blog 2000\",\"isPartOf\":{\"@id\":\"https:\/\/www.control2000.com.mx\/blog\/#website\"},\"primaryImageOfPage\":{\"@id\":\"https:\/\/www.control2000.com.mx\/blog\/que-es-la-prima-vacacional\/#primaryimage\"},\"datePublished\":\"2022-12-20T15:59:46+00:00\",\"dateModified\":\"2022-12-20T15:59:49+00:00\",\"author\":{\"@id\":\"https:\/\/www.control2000.com.mx\/blog\/#\/schema\/person\/ea97ad97893725564e29e2b239967da4\"},\"description\":\"Con la nueva reforma de vacaciones, las empresas tendr\u00e1n que hacer cambios en la prima vacacional. Te decimos c\u00f3mo puedes calcularla.\",\"breadcrumb\":{\"@id\":\"https:\/\/www.control2000.com.mx\/blog\/que-es-la-prima-vacacional\/#breadcrumb\"},\"inLanguage\":\"es\",\"potentialAction\":[{\"@type\":\"ReadAction\",\"target\":[\"https:\/\/www.control2000.com.mx\/blog\/que-es-la-prima-vacacional\/\"]}]},{\"@type\":\"BreadcrumbList\",\"@id\":\"https:\/\/www.control2000.com.mx\/blog\/que-es-la-prima-vacacional\/#breadcrumb\",\"itemListElement\":[{\"@type\":\"ListItem\",\"position\":1,\"name\":\"Portada\",\"item\":\"https:\/\/www.control2000.com.mx\/blog\/\"},{\"@type\":\"ListItem\",\"position\":2,\"name\":\"\u00bfQu\u00e9 es la prima vacacional?\"}]},{\"@type\":\"Person\",\"@id\":\"https:\/\/www.control2000.com.mx\/blog\/#\/schema\/person\/ea97ad97893725564e29e2b239967da4\",\"name\":\"Andrea Montserrat Salvador P\u00e9rez\",\"url\":\"https:\/\/www.control2000.com.mx\/blog\/author\/andrea-salvador\/\"}]}<\/script>\n<!-- \/ Yoast SEO plugin. -->","yoast_head_json":{"title":"\u00bfQu\u00e9 es la prima vacacional? - Blog 2000","description":"Con la nueva reforma de vacaciones, las empresas tendr\u00e1n que hacer cambios en la prima vacacional. Te decimos c\u00f3mo puedes calcularla.","robots":{"index":"index","follow":"follow","max-snippet":"max-snippet:-1","max-image-preview":"max-image-preview:large","max-video-preview":"max-video-preview:-1"},"canonical":"https:\/\/www.control2000.com.mx\/blog\/que-es-la-prima-vacacional\/","og_locale":"es_ES","og_type":"article","og_title":"\u00bfQu\u00e9 es la prima vacacional? - Blog 2000","og_description":"Con la nueva reforma de vacaciones, las empresas tendr\u00e1n que hacer cambios en la prima vacacional. Te decimos c\u00f3mo puedes calcularla.","og_url":"https:\/\/www.control2000.com.mx\/blog\/que-es-la-prima-vacacional\/","og_site_name":"Blog 2000","article_published_time":"2022-12-20T15:59:46+00:00","article_modified_time":"2022-12-20T15:59:49+00:00","og_image":[{"width":1200,"height":630,"url":"https:\/\/www.control2000.com.mx\/blog\/wp-content\/uploads\/Ajustes_Prima_vacacional-630-202212.png","type":"image\/png"}],"twitter_card":"summary_large_image","twitter_misc":{"Escrito por":"Andrea Montserrat Salvador P\u00e9rez","Tiempo de lectura":"3 minutos"},"schema":{"@context":"https:\/\/schema.org","@graph":[{"@type":"WebSite","@id":"https:\/\/www.control2000.com.mx\/blog\/#website","url":"https:\/\/www.control2000.com.mx\/blog\/","name":"Blog 2000","description":"Consejos, tips y noticias, especialmente creados para ti. Somos desarrolladores de soluciones de software administrativo, contable y fiscal para las peque\u00f1as, medianas y grandes empresas en proceso de crecimiento y estabilidad.","potentialAction":[{"@type":"SearchAction","target":{"@type":"EntryPoint","urlTemplate":"https:\/\/www.control2000.com.mx\/blog\/?s={search_term_string}"},"query-input":"required name=search_term_string"}],"inLanguage":"es"},{"@type":"ImageObject","inLanguage":"es","@id":"https:\/\/www.control2000.com.mx\/blog\/que-es-la-prima-vacacional\/#primaryimage","url":"https:\/\/www.control2000.com.mx\/blog\/wp-content\/uploads\/Ajustes_Prima_vacacional-630-202212.png","contentUrl":"https:\/\/www.control2000.com.mx\/blog\/wp-content\/uploads\/Ajustes_Prima_vacacional-630-202212.png","width":1200,"height":630},{"@type":"WebPage","@id":"https:\/\/www.control2000.com.mx\/blog\/que-es-la-prima-vacacional\/#webpage","url":"https:\/\/www.control2000.com.mx\/blog\/que-es-la-prima-vacacional\/","name":"\u00bfQu\u00e9 es la prima vacacional? - Blog 2000","isPartOf":{"@id":"https:\/\/www.control2000.com.mx\/blog\/#website"},"primaryImageOfPage":{"@id":"https:\/\/www.control2000.com.mx\/blog\/que-es-la-prima-vacacional\/#primaryimage"},"datePublished":"2022-12-20T15:59:46+00:00","dateModified":"2022-12-20T15:59:49+00:00","author":{"@id":"https:\/\/www.control2000.com.mx\/blog\/#\/schema\/person\/ea97ad97893725564e29e2b239967da4"},"description":"Con la nueva reforma de vacaciones, las empresas tendr\u00e1n que hacer cambios en la prima vacacional. Te decimos c\u00f3mo puedes calcularla.","breadcrumb":{"@id":"https:\/\/www.control2000.com.mx\/blog\/que-es-la-prima-vacacional\/#breadcrumb"},"inLanguage":"es","potentialAction":[{"@type":"ReadAction","target":["https:\/\/www.control2000.com.mx\/blog\/que-es-la-prima-vacacional\/"]}]},{"@type":"BreadcrumbList","@id":"https:\/\/www.control2000.com.mx\/blog\/que-es-la-prima-vacacional\/#breadcrumb","itemListElement":[{"@type":"ListItem","position":1,"name":"Portada","item":"https:\/\/www.control2000.com.mx\/blog\/"},{"@type":"ListItem","position":2,"name":"\u00bfQu\u00e9 es la prima vacacional?"}]},{"@type":"Person","@id":"https:\/\/www.control2000.com.mx\/blog\/#\/schema\/person\/ea97ad97893725564e29e2b239967da4","name":"Andrea Montserrat Salvador P\u00e9rez","url":"https:\/\/www.control2000.com.mx\/blog\/author\/andrea-salvador\/"}]}},"fimg_url":"https:\/\/www.control2000.com.mx\/blog\/wp-content\/uploads\/Ajustes_Prima_vacacional-630-202212.png","_links":{"self":[{"href":"https:\/\/www.control2000.com.mx\/blog\/wp-json\/wp\/v2\/posts\/6664"}],"collection":[{"href":"https:\/\/www.control2000.com.mx\/blog\/wp-json\/wp\/v2\/posts"}],"about":[{"href":"https:\/\/www.control2000.com.mx\/blog\/wp-json\/wp\/v2\/types\/post"}],"author":[{"embeddable":true,"href":"https:\/\/www.control2000.com.mx\/blog\/wp-json\/wp\/v2\/users\/135"}],"replies":[{"embeddable":true,"href":"https:\/\/www.control2000.com.mx\/blog\/wp-json\/wp\/v2\/comments?post=6664"}],"version-history":[{"count":17,"href":"https:\/\/www.control2000.com.mx\/blog\/wp-json\/wp\/v2\/posts\/6664\/revisions"}],"predecessor-version":[{"id":6683,"href":"https:\/\/www.control2000.com.mx\/blog\/wp-json\/wp\/v2\/posts\/6664\/revisions\/6683"}],"wp:featuredmedia":[{"embeddable":true,"href":"https:\/\/www.control2000.com.mx\/blog\/wp-json\/wp\/v2\/media\/6684"}],"wp:attachment":[{"href":"https:\/\/www.control2000.com.mx\/blog\/wp-json\/wp\/v2\/media?parent=6664"}],"wp:term":[{"taxonomy":"category","embeddable":true,"href":"https:\/\/www.control2000.com.mx\/blog\/wp-json\/wp\/v2\/categories?post=6664"},{"taxonomy":"post_tag","embeddable":true,"href":"https:\/\/www.control2000.com.mx\/blog\/wp-json\/wp\/v2\/tags?post=6664"}],"curies":[{"name":"wp","href":"https:\/\/api.w.org\/{rel}","templated":true}]}}