
{"id":7731,"date":"2023-10-20T20:37:57","date_gmt":"2023-10-21T01:37:57","guid":{"rendered":"https:\/\/www.control2000.com.mx\/blog\/?p=7731"},"modified":"2023-10-23T17:27:36","modified_gmt":"2023-10-23T22:27:36","slug":"ya-vamos-en-la-8a-modificacion-miscelanea","status":"publish","type":"post","link":"https:\/\/www.control2000.com.mx\/blog\/ya-vamos-en-la-8a-modificacion-miscelanea\/","title":{"rendered":"Ya vamos en la 8a. modificaci\u00f3n miscel\u00e1nea"},"content":{"rendered":"\n<p>Se realizan m\u00e1s precisiones para el complemento de <a href=\"https:\/\/www.control2000.com.mx\/blog\/abusados-con-la-entrada-en-vigor-de-la-carta-de-porte\/\" target=\"_blank\" rel=\"noreferrer noopener\">Carta de Porte<\/a> 3.0, porque al parecer el requisito del folio \u00fanico interno no est\u00e1 tan f\u00e1cil como parece. Aunque ser\u00e1n los servicios de facturaci\u00f3n los encargados de resolver este reto, la realidad es que los usuarios tenemos la responsabilidad de verificar que el programa hace lo correcto, ya que a la hora de las reclamaciones al que multan es al contribuyente. <\/p>\n\n\n\n<p>La raz\u00f3n de estar al pendiente de la entrada en vigor es porque la omisi\u00f3n en este complemento implica un delito de contrabando. Imag\u00ednense que por un error, se genere un complemento con un folio igual. Los desarrolladores lo denominan colapso del sistema. Al parecer no es algo com\u00fan, pero la simple posibilidad de que suceda ya es algo que nos preocupa.<\/p>\n\n\n\n<p>Pero pasando a las buenas noticias, en los transitorios encontramos que en relaci\u00f3n con la regla 2.7.1.8., el complemento Carta Porte en su versi\u00f3n 3.0, publicado el 25 de septiembre de 2023 en el Portal del SAT, deber\u00e1 utilizarse a partir del 25 de noviembre de 2023. Un mes m\u00e1s, \u00a1qu\u00e9 generosos!<\/p>\n\n\n\n<blockquote class=\"wp-block-quote\">\n<p>Asimismo, los contribuyentes obligados a expedir CFDI a los que se les incorpore el complemento Carta Porte, podr\u00e1n continuar emitiendo dicho complemento en la versi\u00f3n 2.0, publicada el 24 de febrero de 2023 en el Portal del SAT, hasta el 31 de diciembre de 2023.<br>Para los efectos de la regla 2.7.1.7, fracci\u00f3n IX, la visualizaci\u00f3n por separado en la representaci\u00f3n impresa del CFDI, as\u00ed como el se\u00f1alamiento del atributo documento aduanero se\u00f1alado en las reglas 2.7.7.1.1. y 2.7.7.1.2 de esta resoluci\u00f3n, ser\u00e1 \u00fanicamente aplicable en la versi\u00f3n 3.0.<\/p>\n<cite>OCTAVA RESOLUCI\u00d3N DE MODIFICACIONES A LA RESOLUCI\u00d3N MISCEL\u00c1NEA FISCAL PARA 2023.<\/cite><\/blockquote>\n\n\n\n<p>Descarga la publicaci\u00f3n <a href=\"https:\/\/www.sat.gob.mx\/cs\/Satellite?blobcol=urldata&amp;blobkey=id&amp;blobtable=MungoBlobs&amp;blobwhere=1461175771467&amp;ssbinary=true\">aqu\u00ed<\/a><\/p>\n","protected":false},"excerpt":{"rendered":"<p>Se realizan m\u00e1s precisiones para el complemento de <a href=\"https:\/\/www.control2000.com.mx\/blog\/abusados-con-la-entrada-en-vigor-de-la-carta-de-porte\/\" target=\"_blank\" rel=\"noreferrer noopener\">Carta de Porte<\/a> 3.0, porque al parecer el requisito del folio \u00fanico interno no est\u00e1 tan f\u00e1cil como parece. Aunque ser\u00e1n los servicios de facturaci\u00f3n los encargados de resolver este reto, [&#8230;]<a class=\"read-more read-more-c2k\" href=\"https:\/\/www.control2000.com.mx\/blog\/ya-vamos-en-la-8a-modificacion-miscelanea\/\">Continuar leyendo<\/a><\/p>\n","protected":false},"author":2,"featured_media":7733,"comment_status":"open","ping_status":"closed","sticky":false,"template":"","format":"standard","meta":[],"categories":[1050,271,171],"tags":[100,1132],"yoast_head":"<!-- This site is optimized with the Yoast SEO plugin v19.1 - https:\/\/yoast.com\/wordpress\/plugins\/seo\/ -->\n<title>Ya vamos en la 8a. modificaci\u00f3n miscel\u00e1nea - Blog 2000<\/title>\n<meta name=\"description\" content=\"Nos dieron un mes m\u00e1s para la entrada en vigor del complemento Carta de Porte 3.0 pero no es gratis: mira por qu\u00e9.\" \/>\n<meta name=\"robots\" content=\"index, follow, max-snippet:-1, max-image-preview:large, max-video-preview:-1\" \/>\n<link rel=\"canonical\" href=\"https:\/\/www.control2000.com.mx\/blog\/ya-vamos-en-la-8a-modificacion-miscelanea\/\" \/>\n<meta property=\"og:locale\" content=\"es_ES\" \/>\n<meta property=\"og:type\" content=\"article\" \/>\n<meta property=\"og:title\" content=\"Ya vamos en la 8a. modificaci\u00f3n miscel\u00e1nea - Blog 2000\" \/>\n<meta property=\"og:description\" content=\"Nos dieron un mes m\u00e1s para la entrada en vigor del complemento Carta de Porte 3.0 pero no es gratis: mira por qu\u00e9.\" \/>\n<meta property=\"og:url\" content=\"https:\/\/www.control2000.com.mx\/blog\/ya-vamos-en-la-8a-modificacion-miscelanea\/\" \/>\n<meta property=\"og:site_name\" content=\"Blog 2000\" \/>\n<meta property=\"article:published_time\" content=\"2023-10-21T01:37:57+00:00\" \/>\n<meta property=\"article:modified_time\" content=\"2023-10-23T22:27:36+00:00\" \/>\n<meta property=\"og:image\" content=\"https:\/\/www.control2000.com.mx\/blog\/wp-content\/uploads\/Agregar-un-subtitulo-1024x576.png\" \/>\n\t<meta property=\"og:image:width\" content=\"1024\" \/>\n\t<meta property=\"og:image:height\" content=\"576\" \/>\n\t<meta property=\"og:image:type\" content=\"image\/png\" \/>\n<meta name=\"twitter:card\" content=\"summary_large_image\" \/>\n<meta name=\"twitter:label1\" content=\"Escrito por\" \/>\n\t<meta name=\"twitter:data1\" content=\"Pen\u00e9lope Castro\" \/>\n\t<meta name=\"twitter:label2\" content=\"Tiempo de lectura\" \/>\n\t<meta name=\"twitter:data2\" content=\"2 minutos\" \/>\n<script type=\"application\/ld+json\" class=\"yoast-schema-graph\">{\"@context\":\"https:\/\/schema.org\",\"@graph\":[{\"@type\":\"WebSite\",\"@id\":\"https:\/\/www.control2000.com.mx\/blog\/#website\",\"url\":\"https:\/\/www.control2000.com.mx\/blog\/\",\"name\":\"Blog 2000\",\"description\":\"Consejos, tips y noticias, especialmente creados para ti. Somos desarrolladores de soluciones de software administrativo, contable y fiscal para las peque\u00f1as, medianas y grandes empresas en proceso de crecimiento y estabilidad.\",\"potentialAction\":[{\"@type\":\"SearchAction\",\"target\":{\"@type\":\"EntryPoint\",\"urlTemplate\":\"https:\/\/www.control2000.com.mx\/blog\/?s={search_term_string}\"},\"query-input\":\"required name=search_term_string\"}],\"inLanguage\":\"es\"},{\"@type\":\"ImageObject\",\"inLanguage\":\"es\",\"@id\":\"https:\/\/www.control2000.com.mx\/blog\/ya-vamos-en-la-8a-modificacion-miscelanea\/#primaryimage\",\"url\":\"https:\/\/www.control2000.com.mx\/blog\/wp-content\/uploads\/Agregar-un-subtitulo.png\",\"contentUrl\":\"https:\/\/www.control2000.com.mx\/blog\/wp-content\/uploads\/Agregar-un-subtitulo.png\",\"width\":1920,\"height\":1080,\"caption\":\"Nuevo plazo para la emisi\u00f3n del Complemento de Carta de Porte 3.0\"},{\"@type\":\"WebPage\",\"@id\":\"https:\/\/www.control2000.com.mx\/blog\/ya-vamos-en-la-8a-modificacion-miscelanea\/#webpage\",\"url\":\"https:\/\/www.control2000.com.mx\/blog\/ya-vamos-en-la-8a-modificacion-miscelanea\/\",\"name\":\"Ya vamos en la 8a. modificaci\u00f3n miscel\u00e1nea - Blog 2000\",\"isPartOf\":{\"@id\":\"https:\/\/www.control2000.com.mx\/blog\/#website\"},\"primaryImageOfPage\":{\"@id\":\"https:\/\/www.control2000.com.mx\/blog\/ya-vamos-en-la-8a-modificacion-miscelanea\/#primaryimage\"},\"datePublished\":\"2023-10-21T01:37:57+00:00\",\"dateModified\":\"2023-10-23T22:27:36+00:00\",\"author\":{\"@id\":\"https:\/\/www.control2000.com.mx\/blog\/#\/schema\/person\/48d0cea52d4d24e32f61ed8ed768b791\"},\"description\":\"Nos dieron un mes m\u00e1s para la entrada en vigor del complemento Carta de Porte 3.0 pero no es gratis: mira por qu\u00e9.\",\"breadcrumb\":{\"@id\":\"https:\/\/www.control2000.com.mx\/blog\/ya-vamos-en-la-8a-modificacion-miscelanea\/#breadcrumb\"},\"inLanguage\":\"es\",\"potentialAction\":[{\"@type\":\"ReadAction\",\"target\":[\"https:\/\/www.control2000.com.mx\/blog\/ya-vamos-en-la-8a-modificacion-miscelanea\/\"]}]},{\"@type\":\"BreadcrumbList\",\"@id\":\"https:\/\/www.control2000.com.mx\/blog\/ya-vamos-en-la-8a-modificacion-miscelanea\/#breadcrumb\",\"itemListElement\":[{\"@type\":\"ListItem\",\"position\":1,\"name\":\"Portada\",\"item\":\"https:\/\/www.control2000.com.mx\/blog\/\"},{\"@type\":\"ListItem\",\"position\":2,\"name\":\"Ya vamos en la 8a. modificaci\u00f3n miscel\u00e1nea\"}]},{\"@type\":\"Person\",\"@id\":\"https:\/\/www.control2000.com.mx\/blog\/#\/schema\/person\/48d0cea52d4d24e32f61ed8ed768b791\",\"name\":\"Pen\u00e9lope Castro\",\"sameAs\":[\"http:\/\/www.control2000.com.mx\"],\"url\":\"https:\/\/www.control2000.com.mx\/blog\/author\/penelope-castro\/\"}]}<\/script>\n<!-- \/ Yoast SEO plugin. -->","yoast_head_json":{"title":"Ya vamos en la 8a. modificaci\u00f3n miscel\u00e1nea - Blog 2000","description":"Nos dieron un mes m\u00e1s para la entrada en vigor del complemento Carta de Porte 3.0 pero no es gratis: mira por qu\u00e9.","robots":{"index":"index","follow":"follow","max-snippet":"max-snippet:-1","max-image-preview":"max-image-preview:large","max-video-preview":"max-video-preview:-1"},"canonical":"https:\/\/www.control2000.com.mx\/blog\/ya-vamos-en-la-8a-modificacion-miscelanea\/","og_locale":"es_ES","og_type":"article","og_title":"Ya vamos en la 8a. modificaci\u00f3n miscel\u00e1nea - Blog 2000","og_description":"Nos dieron un mes m\u00e1s para la entrada en vigor del complemento Carta de Porte 3.0 pero no es gratis: mira por qu\u00e9.","og_url":"https:\/\/www.control2000.com.mx\/blog\/ya-vamos-en-la-8a-modificacion-miscelanea\/","og_site_name":"Blog 2000","article_published_time":"2023-10-21T01:37:57+00:00","article_modified_time":"2023-10-23T22:27:36+00:00","og_image":[{"width":1024,"height":576,"url":"https:\/\/www.control2000.com.mx\/blog\/wp-content\/uploads\/Agregar-un-subtitulo-1024x576.png","type":"image\/png"}],"twitter_card":"summary_large_image","twitter_misc":{"Escrito por":"Pen\u00e9lope Castro","Tiempo de lectura":"2 minutos"},"schema":{"@context":"https:\/\/schema.org","@graph":[{"@type":"WebSite","@id":"https:\/\/www.control2000.com.mx\/blog\/#website","url":"https:\/\/www.control2000.com.mx\/blog\/","name":"Blog 2000","description":"Consejos, tips y noticias, especialmente creados para ti. Somos desarrolladores de soluciones de software administrativo, contable y fiscal para las peque\u00f1as, medianas y grandes empresas en proceso de crecimiento y estabilidad.","potentialAction":[{"@type":"SearchAction","target":{"@type":"EntryPoint","urlTemplate":"https:\/\/www.control2000.com.mx\/blog\/?s={search_term_string}"},"query-input":"required name=search_term_string"}],"inLanguage":"es"},{"@type":"ImageObject","inLanguage":"es","@id":"https:\/\/www.control2000.com.mx\/blog\/ya-vamos-en-la-8a-modificacion-miscelanea\/#primaryimage","url":"https:\/\/www.control2000.com.mx\/blog\/wp-content\/uploads\/Agregar-un-subtitulo.png","contentUrl":"https:\/\/www.control2000.com.mx\/blog\/wp-content\/uploads\/Agregar-un-subtitulo.png","width":1920,"height":1080,"caption":"Nuevo plazo para la emisi\u00f3n del Complemento de Carta de Porte 3.0"},{"@type":"WebPage","@id":"https:\/\/www.control2000.com.mx\/blog\/ya-vamos-en-la-8a-modificacion-miscelanea\/#webpage","url":"https:\/\/www.control2000.com.mx\/blog\/ya-vamos-en-la-8a-modificacion-miscelanea\/","name":"Ya vamos en la 8a. modificaci\u00f3n miscel\u00e1nea - Blog 2000","isPartOf":{"@id":"https:\/\/www.control2000.com.mx\/blog\/#website"},"primaryImageOfPage":{"@id":"https:\/\/www.control2000.com.mx\/blog\/ya-vamos-en-la-8a-modificacion-miscelanea\/#primaryimage"},"datePublished":"2023-10-21T01:37:57+00:00","dateModified":"2023-10-23T22:27:36+00:00","author":{"@id":"https:\/\/www.control2000.com.mx\/blog\/#\/schema\/person\/48d0cea52d4d24e32f61ed8ed768b791"},"description":"Nos dieron un mes m\u00e1s para la entrada en vigor del complemento Carta de Porte 3.0 pero no es gratis: mira por qu\u00e9.","breadcrumb":{"@id":"https:\/\/www.control2000.com.mx\/blog\/ya-vamos-en-la-8a-modificacion-miscelanea\/#breadcrumb"},"inLanguage":"es","potentialAction":[{"@type":"ReadAction","target":["https:\/\/www.control2000.com.mx\/blog\/ya-vamos-en-la-8a-modificacion-miscelanea\/"]}]},{"@type":"BreadcrumbList","@id":"https:\/\/www.control2000.com.mx\/blog\/ya-vamos-en-la-8a-modificacion-miscelanea\/#breadcrumb","itemListElement":[{"@type":"ListItem","position":1,"name":"Portada","item":"https:\/\/www.control2000.com.mx\/blog\/"},{"@type":"ListItem","position":2,"name":"Ya vamos en la 8a. modificaci\u00f3n miscel\u00e1nea"}]},{"@type":"Person","@id":"https:\/\/www.control2000.com.mx\/blog\/#\/schema\/person\/48d0cea52d4d24e32f61ed8ed768b791","name":"Pen\u00e9lope Castro","sameAs":["http:\/\/www.control2000.com.mx"],"url":"https:\/\/www.control2000.com.mx\/blog\/author\/penelope-castro\/"}]}},"fimg_url":"https:\/\/www.control2000.com.mx\/blog\/wp-content\/uploads\/Agregar-un-subtitulo.png","_links":{"self":[{"href":"https:\/\/www.control2000.com.mx\/blog\/wp-json\/wp\/v2\/posts\/7731"}],"collection":[{"href":"https:\/\/www.control2000.com.mx\/blog\/wp-json\/wp\/v2\/posts"}],"about":[{"href":"https:\/\/www.control2000.com.mx\/blog\/wp-json\/wp\/v2\/types\/post"}],"author":[{"embeddable":true,"href":"https:\/\/www.control2000.com.mx\/blog\/wp-json\/wp\/v2\/users\/2"}],"replies":[{"embeddable":true,"href":"https:\/\/www.control2000.com.mx\/blog\/wp-json\/wp\/v2\/comments?post=7731"}],"version-history":[{"count":2,"href":"https:\/\/www.control2000.com.mx\/blog\/wp-json\/wp\/v2\/posts\/7731\/revisions"}],"predecessor-version":[{"id":7735,"href":"https:\/\/www.control2000.com.mx\/blog\/wp-json\/wp\/v2\/posts\/7731\/revisions\/7735"}],"wp:featuredmedia":[{"embeddable":true,"href":"https:\/\/www.control2000.com.mx\/blog\/wp-json\/wp\/v2\/media\/7733"}],"wp:attachment":[{"href":"https:\/\/www.control2000.com.mx\/blog\/wp-json\/wp\/v2\/media?parent=7731"}],"wp:term":[{"taxonomy":"category","embeddable":true,"href":"https:\/\/www.control2000.com.mx\/blog\/wp-json\/wp\/v2\/categories?post=7731"},{"taxonomy":"post_tag","embeddable":true,"href":"https:\/\/www.control2000.com.mx\/blog\/wp-json\/wp\/v2\/tags?post=7731"}],"curies":[{"name":"wp","href":"https:\/\/api.w.org\/{rel}","templated":true}]}}