
{"id":8333,"date":"2024-09-30T13:09:39","date_gmt":"2024-09-30T18:09:39","guid":{"rendered":"https:\/\/www.control2000.com.mx\/blog\/?p=8333"},"modified":"2024-09-30T16:55:22","modified_gmt":"2024-09-30T21:55:22","slug":"reforma-ahora-ya-es-oficial","status":"publish","type":"post","link":"https:\/\/www.control2000.com.mx\/blog\/reforma-ahora-ya-es-oficial\/","title":{"rendered":"Ahora ya es oficial"},"content":{"rendered":"\n<p>Bien dicen que el querer es poder, y hemos constatado que cuando quieren le ponen \u00abganas\u00bb en el Congreso, as\u00ed que ma\u00f1ana se considera al d\u00eda como descanso obligatorio, y precisamente est\u00e1 contenido en el <a href=\"https:\/\/www.dof.gob.mx\/nota_detalle.php?codigo=5739950&amp;fecha=30\/09\/2024#gsc.tab=0\">DOF<\/a> del d\u00eda de hoy.<\/p>\n\n\n\n<blockquote class=\"wp-block-quote\">\n<p><strong>SE&nbsp;REFORMA LA FRACCI\u00d3N VII DEL ART\u00cdCULO 74 DE LA LEY FEDERAL DEL TRABAJO, PARA ESTABLECER&nbsp;EL 1\u00ba. DE OCTUBRE DE CADA SEIS A\u00d1OS, D\u00cdA DE DESCANSO OBLIGATORIO CON MOTIVO DE LA TRANSMISI\u00d3N&nbsp;DEL PODER EJECUTIVO FEDERAL<\/strong><\/p>\n\n\n\n<p><strong>Art\u00edculo \u00danico.-&nbsp;<\/strong>Se reforma la fracci\u00f3n VII del art\u00edculo 74 de la Ley Federal del Trabajo, para quedar como&nbsp;sigue:<\/p>\n\n\n\n<p><strong>Art\u00edculo 74.&nbsp;<\/strong>Son d\u00edas de descanso obligatorio:<\/p>\n\n\n\n<p><strong>I.&nbsp;<\/strong>a&nbsp;<strong>VI. &#8230;<\/strong><\/p>\n\n\n\n<p><strong>VII.<\/strong>&nbsp;&nbsp;&nbsp;&nbsp;&nbsp;El 1\u00ba. de octubre de cada seis a\u00f1os, cuando corresponda a la transmisi\u00f3n del Poder Ejecutivo&nbsp;Federal;<\/p>\n\n\n\n<p><strong>VIII.&nbsp;<\/strong>y<strong>&nbsp;IX. &#8230;<\/strong><\/p>\n\n\n\n<p>Transitorio<\/p>\n\n\n\n<p><strong>\u00danico.-&nbsp;<\/strong>El presente Decreto entrar\u00e1 en vigor al d\u00eda siguiente de su publicaci\u00f3n en el Diario Oficial&nbsp;de la&nbsp;Federaci\u00f3n.<\/p>\n<\/blockquote>\n","protected":false},"excerpt":{"rendered":"<p>Bien dicen que el querer es poder, y hemos constatado que cuando quieren le ponen \u00abganas\u00bb en el Congreso, as\u00ed que ma\u00f1ana se considera al d\u00eda como descanso obligatorio, y precisamente est\u00e1 contenido en el <a href=\"https:\/\/www.dof.gob.mx\/nota_detalle.php?codigo=5739950&amp;fecha=30\/09\/2024#gsc.tab=0\">DOF<\/a> del d\u00eda de hoy. [&#8230;]<a class=\"read-more read-more-c2k\" href=\"https:\/\/www.control2000.com.mx\/blog\/reforma-ahora-ya-es-oficial\/\">Continuar leyendo<\/a><\/p>\n","protected":false},"author":2,"featured_media":8338,"comment_status":"open","ping_status":"closed","sticky":false,"template":"","format":"standard","meta":[],"categories":[1050,89],"tags":[1110,512,547],"yoast_head":"<!-- This site is optimized with the Yoast SEO plugin v19.1 - https:\/\/yoast.com\/wordpress\/plugins\/seo\/ -->\n<title>Ahora ya es oficial - Blog 2000<\/title>\n<meta name=\"description\" content=\"Se modifica la Ley Federal del Trabajo, ma\u00f1ana ser\u00e1 d\u00eda de descanso obligatorio por el cambio de Presidente, la reforma ahora ya es oficial.\" \/>\n<meta name=\"robots\" content=\"index, follow, max-snippet:-1, max-image-preview:large, max-video-preview:-1\" \/>\n<link rel=\"canonical\" href=\"https:\/\/www.control2000.com.mx\/blog\/reforma-ahora-ya-es-oficial\/\" \/>\n<meta property=\"og:locale\" content=\"es_ES\" \/>\n<meta property=\"og:type\" content=\"article\" \/>\n<meta property=\"og:title\" content=\"Ahora ya es oficial - Blog 2000\" \/>\n<meta property=\"og:description\" content=\"Se modifica la Ley Federal del Trabajo, ma\u00f1ana ser\u00e1 d\u00eda de descanso obligatorio por el cambio de Presidente, la reforma ahora ya es oficial.\" \/>\n<meta property=\"og:url\" content=\"https:\/\/www.control2000.com.mx\/blog\/reforma-ahora-ya-es-oficial\/\" \/>\n<meta property=\"og:site_name\" content=\"Blog 2000\" \/>\n<meta property=\"article:published_time\" content=\"2024-09-30T18:09:39+00:00\" \/>\n<meta property=\"article:modified_time\" content=\"2024-09-30T21:55:22+00:00\" \/>\n<meta property=\"og:image\" content=\"https:\/\/www.control2000.com.mx\/blog\/wp-content\/uploads\/octubre_1_Blog-630-202409.png\" \/>\n\t<meta property=\"og:image:width\" content=\"1200\" \/>\n\t<meta property=\"og:image:height\" content=\"630\" \/>\n\t<meta property=\"og:image:type\" content=\"image\/png\" \/>\n<meta name=\"twitter:card\" content=\"summary_large_image\" \/>\n<meta name=\"twitter:label1\" content=\"Escrito por\" \/>\n\t<meta name=\"twitter:data1\" content=\"Pen\u00e9lope Castro\" \/>\n\t<meta name=\"twitter:label2\" content=\"Tiempo de lectura\" \/>\n\t<meta name=\"twitter:data2\" content=\"1 minuto\" \/>\n<script type=\"application\/ld+json\" class=\"yoast-schema-graph\">{\"@context\":\"https:\/\/schema.org\",\"@graph\":[{\"@type\":\"WebSite\",\"@id\":\"https:\/\/www.control2000.com.mx\/blog\/#website\",\"url\":\"https:\/\/www.control2000.com.mx\/blog\/\",\"name\":\"Blog 2000\",\"description\":\"Consejos, tips y noticias, especialmente creados para ti. Somos desarrolladores de soluciones de software administrativo, contable y fiscal para las peque\u00f1as, medianas y grandes empresas en proceso de crecimiento y estabilidad.\",\"potentialAction\":[{\"@type\":\"SearchAction\",\"target\":{\"@type\":\"EntryPoint\",\"urlTemplate\":\"https:\/\/www.control2000.com.mx\/blog\/?s={search_term_string}\"},\"query-input\":\"required name=search_term_string\"}],\"inLanguage\":\"es\"},{\"@type\":\"ImageObject\",\"inLanguage\":\"es\",\"@id\":\"https:\/\/www.control2000.com.mx\/blog\/reforma-ahora-ya-es-oficial\/#primaryimage\",\"url\":\"https:\/\/www.control2000.com.mx\/blog\/wp-content\/uploads\/octubre_1_Blog-630-202409.png\",\"contentUrl\":\"https:\/\/www.control2000.com.mx\/blog\/wp-content\/uploads\/octubre_1_Blog-630-202409.png\",\"width\":1200,\"height\":630,\"caption\":\"1 de Octubre\"},{\"@type\":\"WebPage\",\"@id\":\"https:\/\/www.control2000.com.mx\/blog\/reforma-ahora-ya-es-oficial\/#webpage\",\"url\":\"https:\/\/www.control2000.com.mx\/blog\/reforma-ahora-ya-es-oficial\/\",\"name\":\"Ahora ya es oficial - Blog 2000\",\"isPartOf\":{\"@id\":\"https:\/\/www.control2000.com.mx\/blog\/#website\"},\"primaryImageOfPage\":{\"@id\":\"https:\/\/www.control2000.com.mx\/blog\/reforma-ahora-ya-es-oficial\/#primaryimage\"},\"datePublished\":\"2024-09-30T18:09:39+00:00\",\"dateModified\":\"2024-09-30T21:55:22+00:00\",\"author\":{\"@id\":\"https:\/\/www.control2000.com.mx\/blog\/#\/schema\/person\/48d0cea52d4d24e32f61ed8ed768b791\"},\"description\":\"Se modifica la Ley Federal del Trabajo, ma\u00f1ana ser\u00e1 d\u00eda de descanso obligatorio por el cambio de Presidente, la reforma ahora ya es oficial.\",\"breadcrumb\":{\"@id\":\"https:\/\/www.control2000.com.mx\/blog\/reforma-ahora-ya-es-oficial\/#breadcrumb\"},\"inLanguage\":\"es\",\"potentialAction\":[{\"@type\":\"ReadAction\",\"target\":[\"https:\/\/www.control2000.com.mx\/blog\/reforma-ahora-ya-es-oficial\/\"]}]},{\"@type\":\"BreadcrumbList\",\"@id\":\"https:\/\/www.control2000.com.mx\/blog\/reforma-ahora-ya-es-oficial\/#breadcrumb\",\"itemListElement\":[{\"@type\":\"ListItem\",\"position\":1,\"name\":\"Portada\",\"item\":\"https:\/\/www.control2000.com.mx\/blog\/\"},{\"@type\":\"ListItem\",\"position\":2,\"name\":\"Ahora ya es oficial\"}]},{\"@type\":\"Person\",\"@id\":\"https:\/\/www.control2000.com.mx\/blog\/#\/schema\/person\/48d0cea52d4d24e32f61ed8ed768b791\",\"name\":\"Pen\u00e9lope Castro\",\"sameAs\":[\"http:\/\/www.control2000.com.mx\"],\"url\":\"https:\/\/www.control2000.com.mx\/blog\/author\/penelope-castro\/\"}]}<\/script>\n<!-- \/ Yoast SEO plugin. -->","yoast_head_json":{"title":"Ahora ya es oficial - Blog 2000","description":"Se modifica la Ley Federal del Trabajo, ma\u00f1ana ser\u00e1 d\u00eda de descanso obligatorio por el cambio de Presidente, la reforma ahora ya es oficial.","robots":{"index":"index","follow":"follow","max-snippet":"max-snippet:-1","max-image-preview":"max-image-preview:large","max-video-preview":"max-video-preview:-1"},"canonical":"https:\/\/www.control2000.com.mx\/blog\/reforma-ahora-ya-es-oficial\/","og_locale":"es_ES","og_type":"article","og_title":"Ahora ya es oficial - Blog 2000","og_description":"Se modifica la Ley Federal del Trabajo, ma\u00f1ana ser\u00e1 d\u00eda de descanso obligatorio por el cambio de Presidente, la reforma ahora ya es oficial.","og_url":"https:\/\/www.control2000.com.mx\/blog\/reforma-ahora-ya-es-oficial\/","og_site_name":"Blog 2000","article_published_time":"2024-09-30T18:09:39+00:00","article_modified_time":"2024-09-30T21:55:22+00:00","og_image":[{"width":1200,"height":630,"url":"https:\/\/www.control2000.com.mx\/blog\/wp-content\/uploads\/octubre_1_Blog-630-202409.png","type":"image\/png"}],"twitter_card":"summary_large_image","twitter_misc":{"Escrito por":"Pen\u00e9lope Castro","Tiempo de lectura":"1 minuto"},"schema":{"@context":"https:\/\/schema.org","@graph":[{"@type":"WebSite","@id":"https:\/\/www.control2000.com.mx\/blog\/#website","url":"https:\/\/www.control2000.com.mx\/blog\/","name":"Blog 2000","description":"Consejos, tips y noticias, especialmente creados para ti. Somos desarrolladores de soluciones de software administrativo, contable y fiscal para las peque\u00f1as, medianas y grandes empresas en proceso de crecimiento y estabilidad.","potentialAction":[{"@type":"SearchAction","target":{"@type":"EntryPoint","urlTemplate":"https:\/\/www.control2000.com.mx\/blog\/?s={search_term_string}"},"query-input":"required name=search_term_string"}],"inLanguage":"es"},{"@type":"ImageObject","inLanguage":"es","@id":"https:\/\/www.control2000.com.mx\/blog\/reforma-ahora-ya-es-oficial\/#primaryimage","url":"https:\/\/www.control2000.com.mx\/blog\/wp-content\/uploads\/octubre_1_Blog-630-202409.png","contentUrl":"https:\/\/www.control2000.com.mx\/blog\/wp-content\/uploads\/octubre_1_Blog-630-202409.png","width":1200,"height":630,"caption":"1 de Octubre"},{"@type":"WebPage","@id":"https:\/\/www.control2000.com.mx\/blog\/reforma-ahora-ya-es-oficial\/#webpage","url":"https:\/\/www.control2000.com.mx\/blog\/reforma-ahora-ya-es-oficial\/","name":"Ahora ya es oficial - Blog 2000","isPartOf":{"@id":"https:\/\/www.control2000.com.mx\/blog\/#website"},"primaryImageOfPage":{"@id":"https:\/\/www.control2000.com.mx\/blog\/reforma-ahora-ya-es-oficial\/#primaryimage"},"datePublished":"2024-09-30T18:09:39+00:00","dateModified":"2024-09-30T21:55:22+00:00","author":{"@id":"https:\/\/www.control2000.com.mx\/blog\/#\/schema\/person\/48d0cea52d4d24e32f61ed8ed768b791"},"description":"Se modifica la Ley Federal del Trabajo, ma\u00f1ana ser\u00e1 d\u00eda de descanso obligatorio por el cambio de Presidente, la reforma ahora ya es oficial.","breadcrumb":{"@id":"https:\/\/www.control2000.com.mx\/blog\/reforma-ahora-ya-es-oficial\/#breadcrumb"},"inLanguage":"es","potentialAction":[{"@type":"ReadAction","target":["https:\/\/www.control2000.com.mx\/blog\/reforma-ahora-ya-es-oficial\/"]}]},{"@type":"BreadcrumbList","@id":"https:\/\/www.control2000.com.mx\/blog\/reforma-ahora-ya-es-oficial\/#breadcrumb","itemListElement":[{"@type":"ListItem","position":1,"name":"Portada","item":"https:\/\/www.control2000.com.mx\/blog\/"},{"@type":"ListItem","position":2,"name":"Ahora ya es oficial"}]},{"@type":"Person","@id":"https:\/\/www.control2000.com.mx\/blog\/#\/schema\/person\/48d0cea52d4d24e32f61ed8ed768b791","name":"Pen\u00e9lope Castro","sameAs":["http:\/\/www.control2000.com.mx"],"url":"https:\/\/www.control2000.com.mx\/blog\/author\/penelope-castro\/"}]}},"fimg_url":"https:\/\/www.control2000.com.mx\/blog\/wp-content\/uploads\/octubre_1_Blog-630-202409.png","_links":{"self":[{"href":"https:\/\/www.control2000.com.mx\/blog\/wp-json\/wp\/v2\/posts\/8333"}],"collection":[{"href":"https:\/\/www.control2000.com.mx\/blog\/wp-json\/wp\/v2\/posts"}],"about":[{"href":"https:\/\/www.control2000.com.mx\/blog\/wp-json\/wp\/v2\/types\/post"}],"author":[{"embeddable":true,"href":"https:\/\/www.control2000.com.mx\/blog\/wp-json\/wp\/v2\/users\/2"}],"replies":[{"embeddable":true,"href":"https:\/\/www.control2000.com.mx\/blog\/wp-json\/wp\/v2\/comments?post=8333"}],"version-history":[{"count":4,"href":"https:\/\/www.control2000.com.mx\/blog\/wp-json\/wp\/v2\/posts\/8333\/revisions"}],"predecessor-version":[{"id":8339,"href":"https:\/\/www.control2000.com.mx\/blog\/wp-json\/wp\/v2\/posts\/8333\/revisions\/8339"}],"wp:featuredmedia":[{"embeddable":true,"href":"https:\/\/www.control2000.com.mx\/blog\/wp-json\/wp\/v2\/media\/8338"}],"wp:attachment":[{"href":"https:\/\/www.control2000.com.mx\/blog\/wp-json\/wp\/v2\/media?parent=8333"}],"wp:term":[{"taxonomy":"category","embeddable":true,"href":"https:\/\/www.control2000.com.mx\/blog\/wp-json\/wp\/v2\/categories?post=8333"},{"taxonomy":"post_tag","embeddable":true,"href":"https:\/\/www.control2000.com.mx\/blog\/wp-json\/wp\/v2\/tags?post=8333"}],"curies":[{"name":"wp","href":"https:\/\/api.w.org\/{rel}","templated":true}]}}