
{"id":8598,"date":"2025-03-13T18:26:11","date_gmt":"2025-03-13T23:26:11","guid":{"rendered":"https:\/\/www.control2000.com.mx\/blog\/?p=8598"},"modified":"2025-03-28T17:57:14","modified_gmt":"2025-03-28T22:57:14","slug":"sera-que-no-se-analizo-bien","status":"publish","type":"post","link":"https:\/\/www.control2000.com.mx\/blog\/sera-que-no-se-analizo-bien\/","title":{"rendered":"Ser\u00e1 que no se analiz\u00f3 bien"},"content":{"rendered":"\n<p>Hay varias reformas laborales que se hicieron sobre las rodillas.<\/p>\n\n\n\n<p>La <a href=\"https:\/\/comunicacionsocial.diputados.gob.mx\/index.php\/notilegis\/dof-publica-reformas-que-regulan-el-empleo-en-plataformas-digitales\">reforma de plataformas tecnol\u00f3gicas<\/a> en si misma es una contradicci\u00f3n con el esp\u00edritu de subordinaci\u00f3n que fundamenta cualquier relaci\u00f3n de trabajo. <\/p>\n\n\n\n<p>El problema es que cada cambio encarece el costo laboral, y lo que no analizan es que, para que exista un patr\u00f3n se requiere que existan ventas y de paso que se cobren, ya que sin flujos es imposible subsistir. <\/p>\n\n\n\n<p>Tan s\u00f3lo las ventas en tiendas de autoservicio reportan su primera ca\u00edda en 4 a\u00f1os y las principales bajas en las ventas se han reportado 8 veces en los \u00faltimos 12 meses.<\/p>\n\n\n\n<p>Las incapacidades y las ausencias representan una p\u00e9rdida para el patr\u00f3n, porque hay una actividad que no se realiza, y el cr\u00e9dito del trabajador es un compromiso de \u00e9l, por lo que este tipo de reformas lo \u00fanico que van a desencadenar es la discriminaci\u00f3n en la contrataci\u00f3n de trabajadores con cr\u00e9ditos ante el Instituto.<\/p>\n\n\n\n<figure class=\"wp-block-image size-large\"><img decoding=\"async\" loading=\"lazy\" width=\"473\" height=\"1024\" src=\"https:\/\/www.control2000.com.mx\/blog\/wp-content\/uploads\/IMG-20250313-WA0014-473x1024.jpg\" alt=\"\" class=\"wp-image-8599\" srcset=\"https:\/\/www.control2000.com.mx\/blog\/wp-content\/uploads\/IMG-20250313-WA0014-473x1024.jpg 473w, https:\/\/www.control2000.com.mx\/blog\/wp-content\/uploads\/IMG-20250313-WA0014-139x300.jpg 139w, https:\/\/www.control2000.com.mx\/blog\/wp-content\/uploads\/IMG-20250313-WA0014-709x1536.jpg 709w, https:\/\/www.control2000.com.mx\/blog\/wp-content\/uploads\/IMG-20250313-WA0014.jpg 739w\" sizes=\"(max-width: 473px) 100vw, 473px\" \/><\/figure>\n","protected":false},"excerpt":{"rendered":"<p>Hay varias reformas laborales que se hicieron sobre las rodillas.<\/p>\n<p>La <a href=\"https:\/\/comunicacionsocial.diputados.gob.mx\/index.php\/notilegis\/dof-publica-reformas-que-regulan-el-empleo-en-plataformas-digitales\">reforma de plataformas tecnol\u00f3gicas<\/a> en si misma es una contradicci\u00f3n con el esp\u00edritu de subordinaci\u00f3n que fundamenta cualquier relaci\u00f3n de trabajo. [&#8230;]<a class=\"read-more read-more-c2k\" href=\"https:\/\/www.control2000.com.mx\/blog\/sera-que-no-se-analizo-bien\/\">Continuar leyendo<\/a><\/p>\n","protected":false},"author":2,"featured_media":8654,"comment_status":"open","ping_status":"closed","sticky":false,"template":"","format":"standard","meta":[],"categories":[1050,24],"tags":[461,1192,907],"yoast_head":"<!-- This site is optimized with the Yoast SEO plugin v19.1 - https:\/\/yoast.com\/wordpress\/plugins\/seo\/ -->\n<title>Ser\u00e1 que no se analiz\u00f3 bien - Blog 2000<\/title>\n<meta name=\"description\" content=\"Este tipo de reformas lo \u00fanico que van a desencadenar es la discriminaci\u00f3n en la contrataci\u00f3n de trabajadores con cr\u00e9ditos ante el Instituto.\" \/>\n<meta name=\"robots\" content=\"index, follow, max-snippet:-1, max-image-preview:large, max-video-preview:-1\" \/>\n<link rel=\"canonical\" href=\"https:\/\/www.control2000.com.mx\/blog\/sera-que-no-se-analizo-bien\/\" \/>\n<meta property=\"og:locale\" content=\"es_ES\" \/>\n<meta property=\"og:type\" content=\"article\" \/>\n<meta property=\"og:title\" content=\"Ser\u00e1 que no se analiz\u00f3 bien - Blog 2000\" \/>\n<meta property=\"og:description\" content=\"Este tipo de reformas lo \u00fanico que van a desencadenar es la discriminaci\u00f3n en la contrataci\u00f3n de trabajadores con cr\u00e9ditos ante el Instituto.\" \/>\n<meta property=\"og:url\" content=\"https:\/\/www.control2000.com.mx\/blog\/sera-que-no-se-analizo-bien\/\" \/>\n<meta property=\"og:site_name\" content=\"Blog 2000\" \/>\n<meta property=\"article:published_time\" content=\"2025-03-13T23:26:11+00:00\" \/>\n<meta property=\"article:modified_time\" content=\"2025-03-28T22:57:14+00:00\" \/>\n<meta property=\"og:image\" content=\"https:\/\/www.control2000.com.mx\/blog\/wp-content\/uploads\/articulo_29_infonavit-1200-202503.png\" \/>\n\t<meta property=\"og:image:width\" content=\"1200\" \/>\n\t<meta property=\"og:image:height\" content=\"630\" \/>\n\t<meta property=\"og:image:type\" content=\"image\/png\" \/>\n<meta name=\"twitter:card\" content=\"summary_large_image\" \/>\n<meta name=\"twitter:label1\" content=\"Escrito por\" \/>\n\t<meta name=\"twitter:data1\" content=\"Pen\u00e9lope Castro\" \/>\n\t<meta name=\"twitter:label2\" content=\"Tiempo de lectura\" \/>\n\t<meta name=\"twitter:data2\" content=\"1 minuto\" \/>\n<script type=\"application\/ld+json\" class=\"yoast-schema-graph\">{\"@context\":\"https:\/\/schema.org\",\"@graph\":[{\"@type\":\"WebSite\",\"@id\":\"https:\/\/www.control2000.com.mx\/blog\/#website\",\"url\":\"https:\/\/www.control2000.com.mx\/blog\/\",\"name\":\"Blog 2000\",\"description\":\"Consejos, tips y noticias, especialmente creados para ti. Somos desarrolladores de soluciones de software administrativo, contable y fiscal para las peque\u00f1as, medianas y grandes empresas en proceso de crecimiento y estabilidad.\",\"potentialAction\":[{\"@type\":\"SearchAction\",\"target\":{\"@type\":\"EntryPoint\",\"urlTemplate\":\"https:\/\/www.control2000.com.mx\/blog\/?s={search_term_string}\"},\"query-input\":\"required name=search_term_string\"}],\"inLanguage\":\"es\"},{\"@type\":\"ImageObject\",\"inLanguage\":\"es\",\"@id\":\"https:\/\/www.control2000.com.mx\/blog\/sera-que-no-se-analizo-bien\/#primaryimage\",\"url\":\"https:\/\/www.control2000.com.mx\/blog\/wp-content\/uploads\/articulo_29_infonavit-1200-202503.png\",\"contentUrl\":\"https:\/\/www.control2000.com.mx\/blog\/wp-content\/uploads\/articulo_29_infonavit-1200-202503.png\",\"width\":1200,\"height\":630},{\"@type\":\"WebPage\",\"@id\":\"https:\/\/www.control2000.com.mx\/blog\/sera-que-no-se-analizo-bien\/#webpage\",\"url\":\"https:\/\/www.control2000.com.mx\/blog\/sera-que-no-se-analizo-bien\/\",\"name\":\"Ser\u00e1 que no se analiz\u00f3 bien - Blog 2000\",\"isPartOf\":{\"@id\":\"https:\/\/www.control2000.com.mx\/blog\/#website\"},\"primaryImageOfPage\":{\"@id\":\"https:\/\/www.control2000.com.mx\/blog\/sera-que-no-se-analizo-bien\/#primaryimage\"},\"datePublished\":\"2025-03-13T23:26:11+00:00\",\"dateModified\":\"2025-03-28T22:57:14+00:00\",\"author\":{\"@id\":\"https:\/\/www.control2000.com.mx\/blog\/#\/schema\/person\/48d0cea52d4d24e32f61ed8ed768b791\"},\"description\":\"Este tipo de reformas lo \u00fanico que van a desencadenar es la discriminaci\u00f3n en la contrataci\u00f3n de trabajadores con cr\u00e9ditos ante el Instituto.\",\"breadcrumb\":{\"@id\":\"https:\/\/www.control2000.com.mx\/blog\/sera-que-no-se-analizo-bien\/#breadcrumb\"},\"inLanguage\":\"es\",\"potentialAction\":[{\"@type\":\"ReadAction\",\"target\":[\"https:\/\/www.control2000.com.mx\/blog\/sera-que-no-se-analizo-bien\/\"]}]},{\"@type\":\"BreadcrumbList\",\"@id\":\"https:\/\/www.control2000.com.mx\/blog\/sera-que-no-se-analizo-bien\/#breadcrumb\",\"itemListElement\":[{\"@type\":\"ListItem\",\"position\":1,\"name\":\"Portada\",\"item\":\"https:\/\/www.control2000.com.mx\/blog\/\"},{\"@type\":\"ListItem\",\"position\":2,\"name\":\"Ser\u00e1 que no se analiz\u00f3 bien\"}]},{\"@type\":\"Person\",\"@id\":\"https:\/\/www.control2000.com.mx\/blog\/#\/schema\/person\/48d0cea52d4d24e32f61ed8ed768b791\",\"name\":\"Pen\u00e9lope Castro\",\"sameAs\":[\"http:\/\/www.control2000.com.mx\"],\"url\":\"https:\/\/www.control2000.com.mx\/blog\/author\/penelope-castro\/\"}]}<\/script>\n<!-- \/ Yoast SEO plugin. -->","yoast_head_json":{"title":"Ser\u00e1 que no se analiz\u00f3 bien - Blog 2000","description":"Este tipo de reformas lo \u00fanico que van a desencadenar es la discriminaci\u00f3n en la contrataci\u00f3n de trabajadores con cr\u00e9ditos ante el Instituto.","robots":{"index":"index","follow":"follow","max-snippet":"max-snippet:-1","max-image-preview":"max-image-preview:large","max-video-preview":"max-video-preview:-1"},"canonical":"https:\/\/www.control2000.com.mx\/blog\/sera-que-no-se-analizo-bien\/","og_locale":"es_ES","og_type":"article","og_title":"Ser\u00e1 que no se analiz\u00f3 bien - Blog 2000","og_description":"Este tipo de reformas lo \u00fanico que van a desencadenar es la discriminaci\u00f3n en la contrataci\u00f3n de trabajadores con cr\u00e9ditos ante el Instituto.","og_url":"https:\/\/www.control2000.com.mx\/blog\/sera-que-no-se-analizo-bien\/","og_site_name":"Blog 2000","article_published_time":"2025-03-13T23:26:11+00:00","article_modified_time":"2025-03-28T22:57:14+00:00","og_image":[{"width":1200,"height":630,"url":"https:\/\/www.control2000.com.mx\/blog\/wp-content\/uploads\/articulo_29_infonavit-1200-202503.png","type":"image\/png"}],"twitter_card":"summary_large_image","twitter_misc":{"Escrito por":"Pen\u00e9lope Castro","Tiempo de lectura":"1 minuto"},"schema":{"@context":"https:\/\/schema.org","@graph":[{"@type":"WebSite","@id":"https:\/\/www.control2000.com.mx\/blog\/#website","url":"https:\/\/www.control2000.com.mx\/blog\/","name":"Blog 2000","description":"Consejos, tips y noticias, especialmente creados para ti. Somos desarrolladores de soluciones de software administrativo, contable y fiscal para las peque\u00f1as, medianas y grandes empresas en proceso de crecimiento y estabilidad.","potentialAction":[{"@type":"SearchAction","target":{"@type":"EntryPoint","urlTemplate":"https:\/\/www.control2000.com.mx\/blog\/?s={search_term_string}"},"query-input":"required name=search_term_string"}],"inLanguage":"es"},{"@type":"ImageObject","inLanguage":"es","@id":"https:\/\/www.control2000.com.mx\/blog\/sera-que-no-se-analizo-bien\/#primaryimage","url":"https:\/\/www.control2000.com.mx\/blog\/wp-content\/uploads\/articulo_29_infonavit-1200-202503.png","contentUrl":"https:\/\/www.control2000.com.mx\/blog\/wp-content\/uploads\/articulo_29_infonavit-1200-202503.png","width":1200,"height":630},{"@type":"WebPage","@id":"https:\/\/www.control2000.com.mx\/blog\/sera-que-no-se-analizo-bien\/#webpage","url":"https:\/\/www.control2000.com.mx\/blog\/sera-que-no-se-analizo-bien\/","name":"Ser\u00e1 que no se analiz\u00f3 bien - Blog 2000","isPartOf":{"@id":"https:\/\/www.control2000.com.mx\/blog\/#website"},"primaryImageOfPage":{"@id":"https:\/\/www.control2000.com.mx\/blog\/sera-que-no-se-analizo-bien\/#primaryimage"},"datePublished":"2025-03-13T23:26:11+00:00","dateModified":"2025-03-28T22:57:14+00:00","author":{"@id":"https:\/\/www.control2000.com.mx\/blog\/#\/schema\/person\/48d0cea52d4d24e32f61ed8ed768b791"},"description":"Este tipo de reformas lo \u00fanico que van a desencadenar es la discriminaci\u00f3n en la contrataci\u00f3n de trabajadores con cr\u00e9ditos ante el Instituto.","breadcrumb":{"@id":"https:\/\/www.control2000.com.mx\/blog\/sera-que-no-se-analizo-bien\/#breadcrumb"},"inLanguage":"es","potentialAction":[{"@type":"ReadAction","target":["https:\/\/www.control2000.com.mx\/blog\/sera-que-no-se-analizo-bien\/"]}]},{"@type":"BreadcrumbList","@id":"https:\/\/www.control2000.com.mx\/blog\/sera-que-no-se-analizo-bien\/#breadcrumb","itemListElement":[{"@type":"ListItem","position":1,"name":"Portada","item":"https:\/\/www.control2000.com.mx\/blog\/"},{"@type":"ListItem","position":2,"name":"Ser\u00e1 que no se analiz\u00f3 bien"}]},{"@type":"Person","@id":"https:\/\/www.control2000.com.mx\/blog\/#\/schema\/person\/48d0cea52d4d24e32f61ed8ed768b791","name":"Pen\u00e9lope Castro","sameAs":["http:\/\/www.control2000.com.mx"],"url":"https:\/\/www.control2000.com.mx\/blog\/author\/penelope-castro\/"}]}},"fimg_url":"https:\/\/www.control2000.com.mx\/blog\/wp-content\/uploads\/articulo_29_infonavit-1200-202503.png","_links":{"self":[{"href":"https:\/\/www.control2000.com.mx\/blog\/wp-json\/wp\/v2\/posts\/8598"}],"collection":[{"href":"https:\/\/www.control2000.com.mx\/blog\/wp-json\/wp\/v2\/posts"}],"about":[{"href":"https:\/\/www.control2000.com.mx\/blog\/wp-json\/wp\/v2\/types\/post"}],"author":[{"embeddable":true,"href":"https:\/\/www.control2000.com.mx\/blog\/wp-json\/wp\/v2\/users\/2"}],"replies":[{"embeddable":true,"href":"https:\/\/www.control2000.com.mx\/blog\/wp-json\/wp\/v2\/comments?post=8598"}],"version-history":[{"count":3,"href":"https:\/\/www.control2000.com.mx\/blog\/wp-json\/wp\/v2\/posts\/8598\/revisions"}],"predecessor-version":[{"id":8635,"href":"https:\/\/www.control2000.com.mx\/blog\/wp-json\/wp\/v2\/posts\/8598\/revisions\/8635"}],"wp:featuredmedia":[{"embeddable":true,"href":"https:\/\/www.control2000.com.mx\/blog\/wp-json\/wp\/v2\/media\/8654"}],"wp:attachment":[{"href":"https:\/\/www.control2000.com.mx\/blog\/wp-json\/wp\/v2\/media?parent=8598"}],"wp:term":[{"taxonomy":"category","embeddable":true,"href":"https:\/\/www.control2000.com.mx\/blog\/wp-json\/wp\/v2\/categories?post=8598"},{"taxonomy":"post_tag","embeddable":true,"href":"https:\/\/www.control2000.com.mx\/blog\/wp-json\/wp\/v2\/tags?post=8598"}],"curies":[{"name":"wp","href":"https:\/\/api.w.org\/{rel}","templated":true}]}}