
{"id":8833,"date":"2025-09-09T02:39:35","date_gmt":"2025-09-09T07:39:35","guid":{"rendered":"https:\/\/www.control2000.com.mx\/blog\/?p=8833"},"modified":"2025-09-11T18:04:50","modified_gmt":"2025-09-11T23:04:50","slug":"hablando-de-reformas-fiscales","status":"publish","type":"post","link":"https:\/\/www.control2000.com.mx\/blog\/hablando-de-reformas-fiscales\/","title":{"rendered":"Hablando de reformas fiscales"},"content":{"rendered":"\n<p>Ya fue entregado el Paquete Econ\u00f3mico con la iniciativa de reformas para el 2026 <a href=\"https:\/\/www.gob.mx\/shcp\/prensa\/comunicado-no-42-la-secretaria-de-hacienda-y-credito-publico-entrega-el-paquete-economico-2026-al-h-congreso-de-la-union\">https:\/\/www.gob.mx\/shcp\/prensa\/comunicado-no-42-la-secretaria-de-hacienda-y-credito-publico-entrega-el-paquete-economico-2026-al-h-congreso-de-la-union<\/a><\/p>\n\n\n\n<p>Sin embargo, hay que estar pendientes de las iniciativas que se presentan en paralelo y aparentemente de forma aislada en el Congreso de la Uni\u00f3n.<\/p>\n\n\n\n<p>La que muestro a continuaci\u00f3n pretende reciclar un r\u00e9gimen que se volvi\u00f3 muy popular y despu\u00e9s un problema: los REPECOS. Lo interesante es que no elimina al RESICO, sino que propone que convivan y se complementen.<\/p>\n\n\n\n<div class=\"wp-block-file\"><object class=\"wp-block-file__embed\" data=\"https:\/\/www.control2000.com.mx\/blog\/wp-content\/uploads\/Repeco_iniciativa__1755992501.pdf\" type=\"application\/pdf\" style=\"width:100%;height:600px\" aria-label=\"Incrustado de Repeco_iniciativa__1755992501.\"><\/object><a id=\"wp-block-file--media-870db41c-0e58-4adf-866c-96106f23cfda\" href=\"https:\/\/www.control2000.com.mx\/blog\/wp-content\/uploads\/Repeco_iniciativa__1755992501.pdf\">Repeco_iniciativa__1755992501<\/a><a href=\"https:\/\/www.control2000.com.mx\/blog\/wp-content\/uploads\/Repeco_iniciativa__1755992501.pdf\" class=\"wp-block-file__button wp-element-button\" download aria-describedby=\"wp-block-file--media-870db41c-0e58-4adf-866c-96106f23cfda\">Descarga<\/a><\/div>\n\n\n\n<div class=\"wp-block-file\"><object class=\"wp-block-file__embed\" data=\"https:\/\/www.control2000.com.mx\/blog\/wp-content\/uploads\/LIEPS_2026.pdf\" type=\"application\/pdf\" style=\"width:100%;height:600px\" aria-label=\"Incrustado de LIEPS_2026.\"><\/object><a id=\"wp-block-file--media-68feb5bc-1789-4137-9aae-ef48c85286f0\" href=\"https:\/\/www.control2000.com.mx\/blog\/wp-content\/uploads\/LIEPS_2026.pdf\">LIEPS_2026<\/a><a href=\"https:\/\/www.control2000.com.mx\/blog\/wp-content\/uploads\/LIEPS_2026.pdf\" class=\"wp-block-file__button wp-element-button\" download aria-describedby=\"wp-block-file--media-68feb5bc-1789-4137-9aae-ef48c85286f0\">Descarga<\/a><\/div>\n\n\n\n<div class=\"wp-block-file\"><object class=\"wp-block-file__embed\" data=\"https:\/\/www.control2000.com.mx\/blog\/wp-content\/uploads\/CFF_2026.pdf\" type=\"application\/pdf\" style=\"width:100%;height:600px\" aria-label=\"Incrustado de CFF_2026.\"><\/object><a id=\"wp-block-file--media-965be441-e9cd-4bb5-bfbc-809c8fd31acc\" href=\"https:\/\/www.control2000.com.mx\/blog\/wp-content\/uploads\/CFF_2026.pdf\">CFF_2026<\/a><a href=\"https:\/\/www.control2000.com.mx\/blog\/wp-content\/uploads\/CFF_2026.pdf\" class=\"wp-block-file__button wp-element-button\" download aria-describedby=\"wp-block-file--media-965be441-e9cd-4bb5-bfbc-809c8fd31acc\">Descarga<\/a><\/div>\n","protected":false},"excerpt":{"rendered":"<p>Ya fue entregado el Paquete Econ\u00f3mico con la iniciativa de reformas para el 2026 <a href=\"https:\/\/www.gob.mx\/shcp\/prensa\/comunicado-no-42-la-secretaria-de-hacienda-y-credito-publico-entrega-el-paquete-economico-2026-al-h-congreso-de-la-union\">https:\/\/www.gob.mx\/shcp\/prensa\/comunicado-no-42-la-secretaria-de-hacienda-y-credito-publico-entrega-el-paquete-economico-2026-al-h-congreso-de-la-union<\/a><\/p>\n<p>Sin embargo, hay que estar pendientes de las iniciativas que se presentan en paralelo y aparentemente de forma aislada en el Congreso de la Uni\u00f3n. [&#8230;]<a class=\"read-more read-more-c2k\" href=\"https:\/\/www.control2000.com.mx\/blog\/hablando-de-reformas-fiscales\/\">Continuar leyendo<\/a><\/p>\n","protected":false},"author":2,"featured_media":8854,"comment_status":"open","ping_status":"closed","sticky":false,"template":"","format":"standard","meta":[],"categories":[1050],"tags":[513,654,168,1203,1058],"yoast_head":"<!-- This site is optimized with the Yoast SEO plugin v19.1 - https:\/\/yoast.com\/wordpress\/plugins\/seo\/ -->\n<title>Hablando de reformas fiscales - Blog 2000<\/title>\n<meta name=\"description\" content=\"Ya fue entregado el Paquete Econ\u00f3mico con la iniciativa de reformas para el 2026 al H. Congreso de la Uni\u00f3n.\" \/>\n<meta name=\"robots\" content=\"index, follow, max-snippet:-1, max-image-preview:large, max-video-preview:-1\" \/>\n<link rel=\"canonical\" href=\"https:\/\/www.control2000.com.mx\/blog\/hablando-de-reformas-fiscales\/\" \/>\n<meta property=\"og:locale\" content=\"es_ES\" \/>\n<meta property=\"og:type\" content=\"article\" \/>\n<meta property=\"og:title\" content=\"Hablando de reformas fiscales - Blog 2000\" \/>\n<meta property=\"og:description\" content=\"Ya fue entregado el Paquete Econ\u00f3mico con la iniciativa de reformas para el 2026 al H. Congreso de la Uni\u00f3n.\" \/>\n<meta property=\"og:url\" content=\"https:\/\/www.control2000.com.mx\/blog\/hablando-de-reformas-fiscales\/\" \/>\n<meta property=\"og:site_name\" content=\"Blog 2000\" \/>\n<meta property=\"article:published_time\" content=\"2025-09-09T07:39:35+00:00\" \/>\n<meta property=\"article:modified_time\" content=\"2025-09-11T23:04:50+00:00\" \/>\n<meta property=\"og:image\" content=\"https:\/\/www.control2000.com.mx\/blog\/wp-content\/uploads\/Paquetes_economicos_blog-2-202509.png\" \/>\n\t<meta property=\"og:image:width\" content=\"1200\" \/>\n\t<meta property=\"og:image:height\" content=\"630\" \/>\n\t<meta property=\"og:image:type\" content=\"image\/png\" \/>\n<meta name=\"twitter:card\" content=\"summary_large_image\" \/>\n<meta name=\"twitter:label1\" content=\"Escrito por\" \/>\n\t<meta name=\"twitter:data1\" content=\"Pen\u00e9lope Castro\" \/>\n\t<meta name=\"twitter:label2\" content=\"Tiempo de lectura\" \/>\n\t<meta name=\"twitter:data2\" content=\"1 minuto\" \/>\n<script type=\"application\/ld+json\" class=\"yoast-schema-graph\">{\"@context\":\"https:\/\/schema.org\",\"@graph\":[{\"@type\":\"WebSite\",\"@id\":\"https:\/\/www.control2000.com.mx\/blog\/#website\",\"url\":\"https:\/\/www.control2000.com.mx\/blog\/\",\"name\":\"Blog 2000\",\"description\":\"Consejos, tips y noticias, especialmente creados para ti. Somos desarrolladores de soluciones de software administrativo, contable y fiscal para las peque\u00f1as, medianas y grandes empresas en proceso de crecimiento y estabilidad.\",\"potentialAction\":[{\"@type\":\"SearchAction\",\"target\":{\"@type\":\"EntryPoint\",\"urlTemplate\":\"https:\/\/www.control2000.com.mx\/blog\/?s={search_term_string}\"},\"query-input\":\"required name=search_term_string\"}],\"inLanguage\":\"es\"},{\"@type\":\"ImageObject\",\"inLanguage\":\"es\",\"@id\":\"https:\/\/www.control2000.com.mx\/blog\/hablando-de-reformas-fiscales\/#primaryimage\",\"url\":\"https:\/\/www.control2000.com.mx\/blog\/wp-content\/uploads\/Paquetes_economicos_blog-2-202509.png\",\"contentUrl\":\"https:\/\/www.control2000.com.mx\/blog\/wp-content\/uploads\/Paquetes_economicos_blog-2-202509.png\",\"width\":1200,\"height\":630},{\"@type\":\"WebPage\",\"@id\":\"https:\/\/www.control2000.com.mx\/blog\/hablando-de-reformas-fiscales\/#webpage\",\"url\":\"https:\/\/www.control2000.com.mx\/blog\/hablando-de-reformas-fiscales\/\",\"name\":\"Hablando de reformas fiscales - Blog 2000\",\"isPartOf\":{\"@id\":\"https:\/\/www.control2000.com.mx\/blog\/#website\"},\"primaryImageOfPage\":{\"@id\":\"https:\/\/www.control2000.com.mx\/blog\/hablando-de-reformas-fiscales\/#primaryimage\"},\"datePublished\":\"2025-09-09T07:39:35+00:00\",\"dateModified\":\"2025-09-11T23:04:50+00:00\",\"author\":{\"@id\":\"https:\/\/www.control2000.com.mx\/blog\/#\/schema\/person\/48d0cea52d4d24e32f61ed8ed768b791\"},\"description\":\"Ya fue entregado el Paquete Econ\u00f3mico con la iniciativa de reformas para el 2026 al H. Congreso de la Uni\u00f3n.\",\"breadcrumb\":{\"@id\":\"https:\/\/www.control2000.com.mx\/blog\/hablando-de-reformas-fiscales\/#breadcrumb\"},\"inLanguage\":\"es\",\"potentialAction\":[{\"@type\":\"ReadAction\",\"target\":[\"https:\/\/www.control2000.com.mx\/blog\/hablando-de-reformas-fiscales\/\"]}]},{\"@type\":\"BreadcrumbList\",\"@id\":\"https:\/\/www.control2000.com.mx\/blog\/hablando-de-reformas-fiscales\/#breadcrumb\",\"itemListElement\":[{\"@type\":\"ListItem\",\"position\":1,\"name\":\"Portada\",\"item\":\"https:\/\/www.control2000.com.mx\/blog\/\"},{\"@type\":\"ListItem\",\"position\":2,\"name\":\"Hablando de reformas fiscales\"}]},{\"@type\":\"Person\",\"@id\":\"https:\/\/www.control2000.com.mx\/blog\/#\/schema\/person\/48d0cea52d4d24e32f61ed8ed768b791\",\"name\":\"Pen\u00e9lope Castro\",\"sameAs\":[\"http:\/\/www.control2000.com.mx\"],\"url\":\"https:\/\/www.control2000.com.mx\/blog\/author\/penelope-castro\/\"}]}<\/script>\n<!-- \/ Yoast SEO plugin. -->","yoast_head_json":{"title":"Hablando de reformas fiscales - Blog 2000","description":"Ya fue entregado el Paquete Econ\u00f3mico con la iniciativa de reformas para el 2026 al H. Congreso de la Uni\u00f3n.","robots":{"index":"index","follow":"follow","max-snippet":"max-snippet:-1","max-image-preview":"max-image-preview:large","max-video-preview":"max-video-preview:-1"},"canonical":"https:\/\/www.control2000.com.mx\/blog\/hablando-de-reformas-fiscales\/","og_locale":"es_ES","og_type":"article","og_title":"Hablando de reformas fiscales - Blog 2000","og_description":"Ya fue entregado el Paquete Econ\u00f3mico con la iniciativa de reformas para el 2026 al H. Congreso de la Uni\u00f3n.","og_url":"https:\/\/www.control2000.com.mx\/blog\/hablando-de-reformas-fiscales\/","og_site_name":"Blog 2000","article_published_time":"2025-09-09T07:39:35+00:00","article_modified_time":"2025-09-11T23:04:50+00:00","og_image":[{"width":1200,"height":630,"url":"https:\/\/www.control2000.com.mx\/blog\/wp-content\/uploads\/Paquetes_economicos_blog-2-202509.png","type":"image\/png"}],"twitter_card":"summary_large_image","twitter_misc":{"Escrito por":"Pen\u00e9lope Castro","Tiempo de lectura":"1 minuto"},"schema":{"@context":"https:\/\/schema.org","@graph":[{"@type":"WebSite","@id":"https:\/\/www.control2000.com.mx\/blog\/#website","url":"https:\/\/www.control2000.com.mx\/blog\/","name":"Blog 2000","description":"Consejos, tips y noticias, especialmente creados para ti. Somos desarrolladores de soluciones de software administrativo, contable y fiscal para las peque\u00f1as, medianas y grandes empresas en proceso de crecimiento y estabilidad.","potentialAction":[{"@type":"SearchAction","target":{"@type":"EntryPoint","urlTemplate":"https:\/\/www.control2000.com.mx\/blog\/?s={search_term_string}"},"query-input":"required name=search_term_string"}],"inLanguage":"es"},{"@type":"ImageObject","inLanguage":"es","@id":"https:\/\/www.control2000.com.mx\/blog\/hablando-de-reformas-fiscales\/#primaryimage","url":"https:\/\/www.control2000.com.mx\/blog\/wp-content\/uploads\/Paquetes_economicos_blog-2-202509.png","contentUrl":"https:\/\/www.control2000.com.mx\/blog\/wp-content\/uploads\/Paquetes_economicos_blog-2-202509.png","width":1200,"height":630},{"@type":"WebPage","@id":"https:\/\/www.control2000.com.mx\/blog\/hablando-de-reformas-fiscales\/#webpage","url":"https:\/\/www.control2000.com.mx\/blog\/hablando-de-reformas-fiscales\/","name":"Hablando de reformas fiscales - Blog 2000","isPartOf":{"@id":"https:\/\/www.control2000.com.mx\/blog\/#website"},"primaryImageOfPage":{"@id":"https:\/\/www.control2000.com.mx\/blog\/hablando-de-reformas-fiscales\/#primaryimage"},"datePublished":"2025-09-09T07:39:35+00:00","dateModified":"2025-09-11T23:04:50+00:00","author":{"@id":"https:\/\/www.control2000.com.mx\/blog\/#\/schema\/person\/48d0cea52d4d24e32f61ed8ed768b791"},"description":"Ya fue entregado el Paquete Econ\u00f3mico con la iniciativa de reformas para el 2026 al H. Congreso de la Uni\u00f3n.","breadcrumb":{"@id":"https:\/\/www.control2000.com.mx\/blog\/hablando-de-reformas-fiscales\/#breadcrumb"},"inLanguage":"es","potentialAction":[{"@type":"ReadAction","target":["https:\/\/www.control2000.com.mx\/blog\/hablando-de-reformas-fiscales\/"]}]},{"@type":"BreadcrumbList","@id":"https:\/\/www.control2000.com.mx\/blog\/hablando-de-reformas-fiscales\/#breadcrumb","itemListElement":[{"@type":"ListItem","position":1,"name":"Portada","item":"https:\/\/www.control2000.com.mx\/blog\/"},{"@type":"ListItem","position":2,"name":"Hablando de reformas fiscales"}]},{"@type":"Person","@id":"https:\/\/www.control2000.com.mx\/blog\/#\/schema\/person\/48d0cea52d4d24e32f61ed8ed768b791","name":"Pen\u00e9lope Castro","sameAs":["http:\/\/www.control2000.com.mx"],"url":"https:\/\/www.control2000.com.mx\/blog\/author\/penelope-castro\/"}]}},"fimg_url":"https:\/\/www.control2000.com.mx\/blog\/wp-content\/uploads\/Paquetes_economicos_blog-2-202509.png","_links":{"self":[{"href":"https:\/\/www.control2000.com.mx\/blog\/wp-json\/wp\/v2\/posts\/8833"}],"collection":[{"href":"https:\/\/www.control2000.com.mx\/blog\/wp-json\/wp\/v2\/posts"}],"about":[{"href":"https:\/\/www.control2000.com.mx\/blog\/wp-json\/wp\/v2\/types\/post"}],"author":[{"embeddable":true,"href":"https:\/\/www.control2000.com.mx\/blog\/wp-json\/wp\/v2\/users\/2"}],"replies":[{"embeddable":true,"href":"https:\/\/www.control2000.com.mx\/blog\/wp-json\/wp\/v2\/comments?post=8833"}],"version-history":[{"count":4,"href":"https:\/\/www.control2000.com.mx\/blog\/wp-json\/wp\/v2\/posts\/8833\/revisions"}],"predecessor-version":[{"id":8851,"href":"https:\/\/www.control2000.com.mx\/blog\/wp-json\/wp\/v2\/posts\/8833\/revisions\/8851"}],"wp:featuredmedia":[{"embeddable":true,"href":"https:\/\/www.control2000.com.mx\/blog\/wp-json\/wp\/v2\/media\/8854"}],"wp:attachment":[{"href":"https:\/\/www.control2000.com.mx\/blog\/wp-json\/wp\/v2\/media?parent=8833"}],"wp:term":[{"taxonomy":"category","embeddable":true,"href":"https:\/\/www.control2000.com.mx\/blog\/wp-json\/wp\/v2\/categories?post=8833"},{"taxonomy":"post_tag","embeddable":true,"href":"https:\/\/www.control2000.com.mx\/blog\/wp-json\/wp\/v2\/tags?post=8833"}],"curies":[{"name":"wp","href":"https:\/\/api.w.org\/{rel}","templated":true}]}}