
{"id":8898,"date":"2025-10-16T04:07:39","date_gmt":"2025-10-16T09:07:39","guid":{"rendered":"https:\/\/www.control2000.com.mx\/blog\/?p=8898"},"modified":"2025-11-06T18:43:19","modified_gmt":"2025-11-06T23:43:19","slug":"fecha-cierta-en-actos-vulnerables","status":"publish","type":"post","link":"https:\/\/www.control2000.com.mx\/blog\/fecha-cierta-en-actos-vulnerables\/","title":{"rendered":"Fecha cierta en actos vulnerables"},"content":{"rendered":"\n<p>FECHA CIERTA. ES INDISPENSABLE PARA OTORGAR VALOR PROBATORIO PLENO A LOS CONTRATOS CON LOS QUE SE PRETENDE ACREDITAR EL CUMPLIMIENTO DE OBLIGACIONES PREVISTAS EN LA LEY FEDERAL PARA LA PREVENCI\u00d3N E IDENTIFICACI\u00d3N DE OPERACIONES CON RECURSOS DE PROCEDENCIA IL\u00cdCITA.<\/p>\n\n\n\n<p>-La Segunda Sala de la Suprema Corte de Justicia de la Naci\u00f3n al resolver la contradicci\u00f3n de tesis 203\/2019, ha sostenido que, aunque la legislaci\u00f3n fiscal no lo prevea expresamente, la \u201cfecha cierta\u201d es un requisito exigible respecto de los documentos privados que se presentan ante la autoridad fiscal como consecuencia del ejercicio de sus facultades de comprobaci\u00f3n, con el objetivo de demostrar la adquisici\u00f3n de un bien o la realizaci\u00f3n de un contrato u operaci\u00f3n; ello, en virtud del valor probatorio que se pretende que se le reconozca a dichos documentos y, con independencia de que la legislaci\u00f3n aplicable al acto la exija. <\/p>\n\n\n\n<p>Por su parte, la Ley Federal para la Prevenci\u00f3n e Identificaci\u00f3n de Operaciones con Recursos de Procedencia Il\u00edcita, es de orden e inter\u00e9s p\u00fablico y, de observancia general; y, su objetivo es proteger el sistema financiero y la econom\u00eda nacional mediante el establecimiento de medidas y procedimientos para prevenir y detectar actos u operaciones que involucren recursos de procedencia il\u00edcita, a trav\u00e9s de una coordinaci\u00f3n interinstitucional que tiene como fines recabar elementos \u00fatiles para investigar y perseguir los delitos de operaciones con recursos de procedencia il\u00edcita, los relacionados con estos \u00faltimos, las estructuras financieras de las organizaciones delictivas y, evitar el uso de los recursos para su financiamiento. <\/p>\n\n\n\n<p>En consecuencia, el requisito de fecha cierta tambi\u00e9n resulta indispensable para otorgar valor probatorio pleno a los contratos con los que se pretende acreditar el cumplimiento de las obligaciones previstas en la Ley Federal para la Prevenci\u00f3n e Identificaci\u00f3n de Operaciones con Recursos de Procedencia Il\u00edcita, pues solo a trav\u00e9s de \u00e9sta se tendr\u00e1 certeza de que su fecha no es anterior o posterior al periodo revisado y, que no pudo ser manipulada por las partes firmantes o, por la persona sujeta a verificaci\u00f3n y sanci\u00f3n; cumpliendo as\u00ed con el objetivo del citado ordenamiento.<\/p>\n\n\n\n<p>Juicio Contencioso Administrativo N\u00fam. 768\/24-11-01-1\/1744\/24-PL-06-04.- Resuelto por el Pleno Jurisdiccional de la Sala Superior del Tribunal Federal de Justicia Administrativa, en sesi\u00f3n de 30 de abril de 2025, por mayor\u00eda de 7 votos a favor y 1 voto en contra.- Magistrada Ponente: Luz Mar\u00eda Anaya Dom\u00ednguez.- Secretaria: Mtra. Sof\u00eda Azucena de Jes\u00fas Romero Ixta.<\/p>\n\n\n\n<p>(Tesis aprobada en sesi\u00f3n de 30 de abril de 2025)<\/p>\n","protected":false},"excerpt":{"rendered":"<p>FECHA CIERTA. ES INDISPENSABLE PARA OTORGAR VALOR PROBATORIO PLENO A LOS CONTRATOS CON LOS QUE SE PRETENDE ACREDITAR EL CUMPLIMIENTO DE OBLIGACIONES PREVISTAS EN LA LEY FEDERAL PARA LA PREVENCI\u00d3N E IDENTIFICACI\u00d3N DE OPERACIONES CON RECURSOS DE PROCEDENCIA IL\u00cdCITA. [&#8230;]<a class=\"read-more read-more-c2k\" href=\"https:\/\/www.control2000.com.mx\/blog\/fecha-cierta-en-actos-vulnerables\/\">Continuar leyendo<\/a><\/p>\n","protected":false},"author":2,"featured_media":8917,"comment_status":"open","ping_status":"closed","sticky":false,"template":"","format":"standard","meta":[],"categories":[1],"tags":[],"yoast_head":"<!-- This site is optimized with the Yoast SEO plugin v19.1 - https:\/\/yoast.com\/wordpress\/plugins\/seo\/ -->\n<title>Fecha cierta en actos vulnerables - Blog 2000<\/title>\n<meta name=\"description\" content=\"La Segunda Sala de la Suprema Corte de Justicia de la Naci\u00f3n al resolver la contradicci\u00f3n de tesis 203\/2019.\" \/>\n<meta name=\"robots\" content=\"index, follow, max-snippet:-1, max-image-preview:large, max-video-preview:-1\" \/>\n<link rel=\"canonical\" href=\"https:\/\/www.control2000.com.mx\/blog\/fecha-cierta-en-actos-vulnerables\/\" \/>\n<meta property=\"og:locale\" content=\"es_ES\" \/>\n<meta property=\"og:type\" content=\"article\" \/>\n<meta property=\"og:title\" content=\"Fecha cierta en actos vulnerables - Blog 2000\" \/>\n<meta property=\"og:description\" content=\"La Segunda Sala de la Suprema Corte de Justicia de la Naci\u00f3n al resolver la contradicci\u00f3n de tesis 203\/2019.\" \/>\n<meta property=\"og:url\" content=\"https:\/\/www.control2000.com.mx\/blog\/fecha-cierta-en-actos-vulnerables\/\" \/>\n<meta property=\"og:site_name\" content=\"Blog 2000\" \/>\n<meta property=\"article:published_time\" content=\"2025-10-16T09:07:39+00:00\" \/>\n<meta property=\"article:modified_time\" content=\"2025-11-06T23:43:19+00:00\" \/>\n<meta property=\"og:image\" content=\"https:\/\/www.control2000.com.mx\/blog\/wp-content\/uploads\/Actos_Vulnerables-1080-2-202511.png\" \/>\n\t<meta property=\"og:image:width\" content=\"1200\" \/>\n\t<meta property=\"og:image:height\" content=\"630\" \/>\n\t<meta property=\"og:image:type\" content=\"image\/png\" \/>\n<meta name=\"twitter:card\" content=\"summary_large_image\" \/>\n<meta name=\"twitter:label1\" content=\"Escrito por\" \/>\n\t<meta name=\"twitter:data1\" content=\"Pen\u00e9lope Castro\" \/>\n\t<meta name=\"twitter:label2\" content=\"Tiempo de lectura\" \/>\n\t<meta name=\"twitter:data2\" content=\"2 minutos\" \/>\n<script type=\"application\/ld+json\" class=\"yoast-schema-graph\">{\"@context\":\"https:\/\/schema.org\",\"@graph\":[{\"@type\":\"WebSite\",\"@id\":\"https:\/\/www.control2000.com.mx\/blog\/#website\",\"url\":\"https:\/\/www.control2000.com.mx\/blog\/\",\"name\":\"Blog 2000\",\"description\":\"Consejos, tips y noticias, especialmente creados para ti. Somos desarrolladores de soluciones de software administrativo, contable y fiscal para las peque\u00f1as, medianas y grandes empresas en proceso de crecimiento y estabilidad.\",\"potentialAction\":[{\"@type\":\"SearchAction\",\"target\":{\"@type\":\"EntryPoint\",\"urlTemplate\":\"https:\/\/www.control2000.com.mx\/blog\/?s={search_term_string}\"},\"query-input\":\"required name=search_term_string\"}],\"inLanguage\":\"es\"},{\"@type\":\"ImageObject\",\"inLanguage\":\"es\",\"@id\":\"https:\/\/www.control2000.com.mx\/blog\/fecha-cierta-en-actos-vulnerables\/#primaryimage\",\"url\":\"https:\/\/www.control2000.com.mx\/blog\/wp-content\/uploads\/Actos_Vulnerables-1080-2-202511.png\",\"contentUrl\":\"https:\/\/www.control2000.com.mx\/blog\/wp-content\/uploads\/Actos_Vulnerables-1080-2-202511.png\",\"width\":1200,\"height\":630},{\"@type\":\"WebPage\",\"@id\":\"https:\/\/www.control2000.com.mx\/blog\/fecha-cierta-en-actos-vulnerables\/#webpage\",\"url\":\"https:\/\/www.control2000.com.mx\/blog\/fecha-cierta-en-actos-vulnerables\/\",\"name\":\"Fecha cierta en actos vulnerables - Blog 2000\",\"isPartOf\":{\"@id\":\"https:\/\/www.control2000.com.mx\/blog\/#website\"},\"primaryImageOfPage\":{\"@id\":\"https:\/\/www.control2000.com.mx\/blog\/fecha-cierta-en-actos-vulnerables\/#primaryimage\"},\"datePublished\":\"2025-10-16T09:07:39+00:00\",\"dateModified\":\"2025-11-06T23:43:19+00:00\",\"author\":{\"@id\":\"https:\/\/www.control2000.com.mx\/blog\/#\/schema\/person\/48d0cea52d4d24e32f61ed8ed768b791\"},\"description\":\"La Segunda Sala de la Suprema Corte de Justicia de la Naci\u00f3n al resolver la contradicci\u00f3n de tesis 203\/2019.\",\"breadcrumb\":{\"@id\":\"https:\/\/www.control2000.com.mx\/blog\/fecha-cierta-en-actos-vulnerables\/#breadcrumb\"},\"inLanguage\":\"es\",\"potentialAction\":[{\"@type\":\"ReadAction\",\"target\":[\"https:\/\/www.control2000.com.mx\/blog\/fecha-cierta-en-actos-vulnerables\/\"]}]},{\"@type\":\"BreadcrumbList\",\"@id\":\"https:\/\/www.control2000.com.mx\/blog\/fecha-cierta-en-actos-vulnerables\/#breadcrumb\",\"itemListElement\":[{\"@type\":\"ListItem\",\"position\":1,\"name\":\"Portada\",\"item\":\"https:\/\/www.control2000.com.mx\/blog\/\"},{\"@type\":\"ListItem\",\"position\":2,\"name\":\"Fecha cierta en actos vulnerables\"}]},{\"@type\":\"Person\",\"@id\":\"https:\/\/www.control2000.com.mx\/blog\/#\/schema\/person\/48d0cea52d4d24e32f61ed8ed768b791\",\"name\":\"Pen\u00e9lope Castro\",\"sameAs\":[\"http:\/\/www.control2000.com.mx\"],\"url\":\"https:\/\/www.control2000.com.mx\/blog\/author\/penelope-castro\/\"}]}<\/script>\n<!-- \/ Yoast SEO plugin. -->","yoast_head_json":{"title":"Fecha cierta en actos vulnerables - Blog 2000","description":"La Segunda Sala de la Suprema Corte de Justicia de la Naci\u00f3n al resolver la contradicci\u00f3n de tesis 203\/2019.","robots":{"index":"index","follow":"follow","max-snippet":"max-snippet:-1","max-image-preview":"max-image-preview:large","max-video-preview":"max-video-preview:-1"},"canonical":"https:\/\/www.control2000.com.mx\/blog\/fecha-cierta-en-actos-vulnerables\/","og_locale":"es_ES","og_type":"article","og_title":"Fecha cierta en actos vulnerables - Blog 2000","og_description":"La Segunda Sala de la Suprema Corte de Justicia de la Naci\u00f3n al resolver la contradicci\u00f3n de tesis 203\/2019.","og_url":"https:\/\/www.control2000.com.mx\/blog\/fecha-cierta-en-actos-vulnerables\/","og_site_name":"Blog 2000","article_published_time":"2025-10-16T09:07:39+00:00","article_modified_time":"2025-11-06T23:43:19+00:00","og_image":[{"width":1200,"height":630,"url":"https:\/\/www.control2000.com.mx\/blog\/wp-content\/uploads\/Actos_Vulnerables-1080-2-202511.png","type":"image\/png"}],"twitter_card":"summary_large_image","twitter_misc":{"Escrito por":"Pen\u00e9lope Castro","Tiempo de lectura":"2 minutos"},"schema":{"@context":"https:\/\/schema.org","@graph":[{"@type":"WebSite","@id":"https:\/\/www.control2000.com.mx\/blog\/#website","url":"https:\/\/www.control2000.com.mx\/blog\/","name":"Blog 2000","description":"Consejos, tips y noticias, especialmente creados para ti. Somos desarrolladores de soluciones de software administrativo, contable y fiscal para las peque\u00f1as, medianas y grandes empresas en proceso de crecimiento y estabilidad.","potentialAction":[{"@type":"SearchAction","target":{"@type":"EntryPoint","urlTemplate":"https:\/\/www.control2000.com.mx\/blog\/?s={search_term_string}"},"query-input":"required name=search_term_string"}],"inLanguage":"es"},{"@type":"ImageObject","inLanguage":"es","@id":"https:\/\/www.control2000.com.mx\/blog\/fecha-cierta-en-actos-vulnerables\/#primaryimage","url":"https:\/\/www.control2000.com.mx\/blog\/wp-content\/uploads\/Actos_Vulnerables-1080-2-202511.png","contentUrl":"https:\/\/www.control2000.com.mx\/blog\/wp-content\/uploads\/Actos_Vulnerables-1080-2-202511.png","width":1200,"height":630},{"@type":"WebPage","@id":"https:\/\/www.control2000.com.mx\/blog\/fecha-cierta-en-actos-vulnerables\/#webpage","url":"https:\/\/www.control2000.com.mx\/blog\/fecha-cierta-en-actos-vulnerables\/","name":"Fecha cierta en actos vulnerables - Blog 2000","isPartOf":{"@id":"https:\/\/www.control2000.com.mx\/blog\/#website"},"primaryImageOfPage":{"@id":"https:\/\/www.control2000.com.mx\/blog\/fecha-cierta-en-actos-vulnerables\/#primaryimage"},"datePublished":"2025-10-16T09:07:39+00:00","dateModified":"2025-11-06T23:43:19+00:00","author":{"@id":"https:\/\/www.control2000.com.mx\/blog\/#\/schema\/person\/48d0cea52d4d24e32f61ed8ed768b791"},"description":"La Segunda Sala de la Suprema Corte de Justicia de la Naci\u00f3n al resolver la contradicci\u00f3n de tesis 203\/2019.","breadcrumb":{"@id":"https:\/\/www.control2000.com.mx\/blog\/fecha-cierta-en-actos-vulnerables\/#breadcrumb"},"inLanguage":"es","potentialAction":[{"@type":"ReadAction","target":["https:\/\/www.control2000.com.mx\/blog\/fecha-cierta-en-actos-vulnerables\/"]}]},{"@type":"BreadcrumbList","@id":"https:\/\/www.control2000.com.mx\/blog\/fecha-cierta-en-actos-vulnerables\/#breadcrumb","itemListElement":[{"@type":"ListItem","position":1,"name":"Portada","item":"https:\/\/www.control2000.com.mx\/blog\/"},{"@type":"ListItem","position":2,"name":"Fecha cierta en actos vulnerables"}]},{"@type":"Person","@id":"https:\/\/www.control2000.com.mx\/blog\/#\/schema\/person\/48d0cea52d4d24e32f61ed8ed768b791","name":"Pen\u00e9lope Castro","sameAs":["http:\/\/www.control2000.com.mx"],"url":"https:\/\/www.control2000.com.mx\/blog\/author\/penelope-castro\/"}]}},"fimg_url":"https:\/\/www.control2000.com.mx\/blog\/wp-content\/uploads\/Actos_Vulnerables-1080-2-202511.png","_links":{"self":[{"href":"https:\/\/www.control2000.com.mx\/blog\/wp-json\/wp\/v2\/posts\/8898"}],"collection":[{"href":"https:\/\/www.control2000.com.mx\/blog\/wp-json\/wp\/v2\/posts"}],"about":[{"href":"https:\/\/www.control2000.com.mx\/blog\/wp-json\/wp\/v2\/types\/post"}],"author":[{"embeddable":true,"href":"https:\/\/www.control2000.com.mx\/blog\/wp-json\/wp\/v2\/users\/2"}],"replies":[{"embeddable":true,"href":"https:\/\/www.control2000.com.mx\/blog\/wp-json\/wp\/v2\/comments?post=8898"}],"version-history":[{"count":2,"href":"https:\/\/www.control2000.com.mx\/blog\/wp-json\/wp\/v2\/posts\/8898\/revisions"}],"predecessor-version":[{"id":8911,"href":"https:\/\/www.control2000.com.mx\/blog\/wp-json\/wp\/v2\/posts\/8898\/revisions\/8911"}],"wp:featuredmedia":[{"embeddable":true,"href":"https:\/\/www.control2000.com.mx\/blog\/wp-json\/wp\/v2\/media\/8917"}],"wp:attachment":[{"href":"https:\/\/www.control2000.com.mx\/blog\/wp-json\/wp\/v2\/media?parent=8898"}],"wp:term":[{"taxonomy":"category","embeddable":true,"href":"https:\/\/www.control2000.com.mx\/blog\/wp-json\/wp\/v2\/categories?post=8898"},{"taxonomy":"post_tag","embeddable":true,"href":"https:\/\/www.control2000.com.mx\/blog\/wp-json\/wp\/v2\/tags?post=8898"}],"curies":[{"name":"wp","href":"https:\/\/api.w.org\/{rel}","templated":true}]}}